{"id":25113,"date":"2021-06-27T16:50:44","date_gmt":"2021-06-27T19:50:44","guid":{"rendered":"http:\/\/www.centraldenoticias.com.ar\/?p=25113"},"modified":"2021-06-27T16:50:44","modified_gmt":"2021-06-27T19:50:44","slug":"randazzo-confirmo-que-sera-candidato-a-diputado-nacional","status":"publish","type":"post","link":"https:\/\/cdnoticias.com\/index.php\/2021\/06\/27\/randazzo-confirmo-que-sera-candidato-a-diputado-nacional\/","title":{"rendered":"Randazzo confirm\u00f3 que ser\u00e1 candidato a diputado nacional"},"content":{"rendered":"<p>El ex ministro de Transporte confirm\u00f3 que encabezar\u00e1 la lista de candidatos en un \u201cespacio amplio\u201d que construye con dirigentes para generar \u201cuna tercera v\u00eda\u201d.\u00a0<!--more--><\/p>\n<hr \/>\n<p>Tras versiones e incluso<a href=\"https:\/\/cdnoticias.com\/index.php\/2021\/06\/24\/acuerdo-unanime-vecinalistas-ira-con-randazzo-y-coronel-sera-candidata\/\" target=\"_blank\" rel=\"noopener\"> un adelanto de Por Olavarr\u00eda Todos que hab\u00eda avisado del lanzamiento de Randazzo este domingo<\/a>,<strong> el ex ministro de Transporte en la gesti\u00f3n de Cristina Fern\u00e1ndez de Kirchner ser\u00e1 candidato a diputado nacional en las legislativas en un \u201cespacio amplio\u201d que viene construyendo con otros dirigentes.<\/strong><\/p>\n<p>&nbsp;<\/p>\n<p><em>\u201cQuiero contarles que voy a ser candidato a diputado nacional en las pr\u00f3ximas elecciones y que estamos construyendo un espacio amplio, con dirigentes pol\u00edticos comprometidos, y actores de la sociedad civil que con enorme valent\u00eda van a ponerle el cuerpo y el alma a este desaf\u00edo\u201d<\/em>, cont\u00f3 hoy Randazzo a trav\u00e9s de las redes sociales.<\/p>\n<p>&nbsp;<\/p>\n<blockquote><p>Dijo, adem\u00e1s, que \u201cnos involucramos porque estamos convencidos de que es posible resolver los profundos problemas que tiene la Argentina. Vamos a hacerlo\u201d.<\/p><\/blockquote>\n<p>&nbsp;<\/p>\n<p>La confirmaci\u00f3n de<strong> la candidatura de Randazzo fue celebrada por el titular del Movimiento Libres del Sur, Humberto Tumini, quien adelant\u00f3 el acompa\u00f1amiento de ese espacio a la postulaci\u00f3n; y por Alejandro \u201cTopo\u201d Rodr\u00edguez,<\/strong> de la coalici\u00f3n Consenso Federal de Roberto Lavagna.<\/p>\n","protected":false},"excerpt":{"rendered":"<p>El ex ministro de Transporte confirm\u00f3 que encabezar\u00e1 la lista de candidatos en un \u201cespacio amplio\u201d que construye con dirigentes<\/p>\n","protected":false},"author":5,"featured_media":25114,"comment_status":"closed","ping_status":"closed","sticky":false,"template":"","format":"standard","meta":{"_jetpack_memberships_contains_paid_content":false,"footnotes":""},"categories":[4,1],"tags":[],"class_list":["post-25113","post","type-post","status-publish","format-standard","has-post-thumbnail","hentry","category-politica","category-portada"],"jetpack_featured_media_url":"https:\/\/i0.wp.com\/cdnoticias.com\/wp-content\/uploads\/2021\/06\/randazzo-696x456.jpg?fit=696%2C456&ssl=1","jetpack_sharing_enabled":true,"_links":{"self":[{"href":"https:\/\/cdnoticias.com\/index.php\/wp-json\/wp\/v2\/posts\/25113","targetHints":{"allow":["GET"]}}],"collection":[{"href":"https:\/\/cdnoticias.com\/index.php\/wp-json\/wp\/v2\/posts"}],"about":[{"href":"https:\/\/cdnoticias.com\/index.php\/wp-json\/wp\/v2\/types\/post"}],"author":[{"embeddable":true,"href":"https:\/\/cdnoticias.com\/index.php\/wp-json\/wp\/v2\/users\/5"}],"replies":[{"embeddable":true,"href":"https:\/\/cdnoticias.com\/index.php\/wp-json\/wp\/v2\/comments?post=25113"}],"version-history":[{"count":0,"href":"https:\/\/cdnoticias.com\/index.php\/wp-json\/wp\/v2\/posts\/25113\/revisions"}],"wp:featuredmedia":[{"embeddable":true,"href":"https:\/\/cdnoticias.com\/index.php\/wp-json\/wp\/v2\/media\/25114"}],"wp:attachment":[{"href":"https:\/\/cdnoticias.com\/index.php\/wp-json\/wp\/v2\/media?parent=25113"}],"wp:term":[{"taxonomy":"category","embeddable":true,"href":"https:\/\/cdnoticias.com\/index.php\/wp-json\/wp\/v2\/categories?post=25113"},{"taxonomy":"post_tag","embeddable":true,"href":"https:\/\/cdnoticias.com\/index.php\/wp-json\/wp\/v2\/tags?post=25113"}],"curies":[{"name":"wp","href":"https:\/\/api.w.org\/{rel}","templated":true}]}}