{"id":25105,"date":"2021-06-27T12:01:43","date_gmt":"2021-06-27T15:01:43","guid":{"rendered":"http:\/\/www.centraldenoticias.com.ar\/?p=25105"},"modified":"2021-06-27T12:01:43","modified_gmt":"2021-06-27T15:01:43","slug":"mirta-ines-rodriguez-pelusa-q-e-p-d","status":"publish","type":"post","link":"https:\/\/cdnoticias.com\/index.php\/2021\/06\/27\/mirta-ines-rodriguez-pelusa-q-e-p-d\/","title":{"rendered":"Mirta In\u00e9s Rodr\u00edguez \u201cPelusa\u201d (Q.E.P.D.)"},"content":{"rendered":"<p>Falleci\u00f3 en Olavarr\u00eda el 27 de junio a los 72 a\u00f1os. Su madre Dominga Casta\u00f1ares; sus hijos Carlos, Christian y Anabella Franciscovich; sus nietos Enzo, Boris y Lara; su hija pol\u00edtica Marina; sus hermanos Elcira, Delia, Mabel, Guito y Marcela; sus hermanos pol\u00edticos Cristina, Marisa y Alfio; sus sobrinos, primos y dem\u00e1s deudos participan de su fallecimiento.<\/p>\n<p>&nbsp;<\/p>\n<p>Sus restos ser\u00e1n velados en Sala de Espa\u00f1a 2942, departamento \u201cB\u201d a partir de las 9:00 y ser\u00e1n cremados en Crematorio Pinos de Paz, en d\u00eda y horario a confirmar. Vecina de barrio San Vicente. Jubilada y Pensionada.<\/p>\n","protected":false},"excerpt":{"rendered":"<p>Falleci\u00f3 en Olavarr\u00eda el 27 de junio a los 72 a\u00f1os. Su madre Dominga Casta\u00f1ares; sus hijos Carlos, Christian y<\/p>\n","protected":false},"author":5,"featured_media":0,"comment_status":"closed","ping_status":"closed","sticky":false,"template":"","format":"standard","meta":{"_jetpack_memberships_contains_paid_content":false,"footnotes":""},"categories":[10],"tags":[],"class_list":["post-25105","post","type-post","status-publish","format-standard","hentry","category-necrologicas"],"jetpack_featured_media_url":"","jetpack_sharing_enabled":true,"_links":{"self":[{"href":"https:\/\/cdnoticias.com\/index.php\/wp-json\/wp\/v2\/posts\/25105","targetHints":{"allow":["GET"]}}],"collection":[{"href":"https:\/\/cdnoticias.com\/index.php\/wp-json\/wp\/v2\/posts"}],"about":[{"href":"https:\/\/cdnoticias.com\/index.php\/wp-json\/wp\/v2\/types\/post"}],"author":[{"embeddable":true,"href":"https:\/\/cdnoticias.com\/index.php\/wp-json\/wp\/v2\/users\/5"}],"replies":[{"embeddable":true,"href":"https:\/\/cdnoticias.com\/index.php\/wp-json\/wp\/v2\/comments?post=25105"}],"version-history":[{"count":0,"href":"https:\/\/cdnoticias.com\/index.php\/wp-json\/wp\/v2\/posts\/25105\/revisions"}],"wp:attachment":[{"href":"https:\/\/cdnoticias.com\/index.php\/wp-json\/wp\/v2\/media?parent=25105"}],"wp:term":[{"taxonomy":"category","embeddable":true,"href":"https:\/\/cdnoticias.com\/index.php\/wp-json\/wp\/v2\/categories?post=25105"},{"taxonomy":"post_tag","embeddable":true,"href":"https:\/\/cdnoticias.com\/index.php\/wp-json\/wp\/v2\/tags?post=25105"}],"curies":[{"name":"wp","href":"https:\/\/api.w.org\/{rel}","templated":true}]}}