{"id":25098,"date":"2021-06-27T12:26:52","date_gmt":"2021-06-27T15:26:52","guid":{"rendered":"http:\/\/www.centraldenoticias.com.ar\/?p=25098"},"modified":"2021-06-27T15:56:41","modified_gmt":"2021-06-27T18:56:41","slug":"se-intensifica-la-rosca-y-el-cierre-de-listas-ya-tiene-nombres","status":"publish","type":"post","link":"https:\/\/cdnoticias.com\/index.php\/2021\/06\/27\/se-intensifica-la-rosca-y-el-cierre-de-listas-ya-tiene-nombres\/","title":{"rendered":"Se intensifica la rosca y el cierre de listas ya tiene nombres"},"content":{"rendered":"<p>Galli se acerca cada vez m\u00e1s a los intendentes que apoyan a Santilli. Aramburu, una reuni\u00f3n con Randazzo y una sorpresa. Andrea Coronel, candidata. El Frente de Todos optimiza su comunicaci\u00f3n. Se viene el cierre de listas.\u00a0<!--more--><\/p>\n<hr \/>\n<p><em>(Extracto del newsletter Volver a las Fuentes,\u00a0donde se <a href=\"https:\/\/mailchi.mp\/4f30ba4296cf\/el-que-se-marea-en-la-rosca-pierde\" target=\"_blank\" rel=\"noopener\">puede acceder y suscribir ac\u00e1<\/a>)<\/em><strong>\u00a0Por Alexis Grierson y Josefina Bargas.<\/strong><\/p>\n<p>&nbsp;<\/p>\n<p><span style=\"text-decoration: underline;\"><strong>Galli y Larreta, m\u00e1s cerca que nunca<\/strong><\/span><\/p>\n<p>&nbsp;<\/p>\n<p><img data-recalc-dims=\"1\" loading=\"lazy\" decoding=\"async\" class=\"alignnone size-full wp-image-24343\" src=\"https:\/\/i0.wp.com\/cdnoticias.com\/wp-content\/uploads\/2021\/06\/visitalarreta-4.jpg?resize=800%2C533&#038;ssl=1\" alt=\"\" width=\"800\" height=\"533\" srcset=\"https:\/\/i0.wp.com\/cdnoticias.com\/wp-content\/uploads\/2021\/06\/visitalarreta-4.jpg?w=1280&amp;ssl=1 1280w, https:\/\/i0.wp.com\/cdnoticias.com\/wp-content\/uploads\/2021\/06\/visitalarreta-4.jpg?resize=300%2C200&amp;ssl=1 300w, https:\/\/i0.wp.com\/cdnoticias.com\/wp-content\/uploads\/2021\/06\/visitalarreta-4.jpg?resize=768%2C512&amp;ssl=1 768w, https:\/\/i0.wp.com\/cdnoticias.com\/wp-content\/uploads\/2021\/06\/visitalarreta-4.jpg?resize=1024%2C682&amp;ssl=1 1024w, https:\/\/i0.wp.com\/cdnoticias.com\/wp-content\/uploads\/2021\/06\/visitalarreta-4.jpg?resize=272%2C182&amp;ssl=1 272w\" sizes=\"auto, (max-width: 800px) 100vw, 800px\" \/><\/p>\n<p>&nbsp;<\/p>\n<p><strong>El quiebre fue la cumbre de Olavarr\u00eda.<\/strong> Cuando todo parec\u00eda que el Grupo Dorrego ten\u00eda un l\u00edder, Jorge Macri, los movimientos presuntamente err\u00e1ticos del intendente de Vicente L\u00f3pez lo dejaron casi afuera de toda discusi\u00f3n: de no pasar nada extra\u00f1o,<strong> el Pro tiene definido que Diego Santilli ser\u00e1 candidato a diputado nacional por el espacio.<\/strong><\/p>\n<p>&nbsp;<\/p>\n<p>En el medio se vio otro gesto extra\u00f1o de Jorge Macri: de querer ser \u00e9l mismo el candidato<strong>, en una nota desliz\u00f3 que los candidatos \u201cno deber\u00edan tener cargos\u201d por lo que curiosamente se bajaba de la pelea<\/strong>. A fines de la semana se mostr\u00f3 con Patricia Bullrich en una foto que lo posicion\u00f3 con un poco m\u00e1s de fortaleza, pero despu\u00e9s de al menos tres fotos donde Larreta y Santilli aparecieron con intendentes de Juntos por el Cambio de la Provincia.<\/p>\n<p>&nbsp;<\/p>\n<p><img data-recalc-dims=\"1\" loading=\"lazy\" decoding=\"async\" class=\"alignnone size-full wp-image-402\" src=\"https:\/\/i0.wp.com\/cdnoticias.com\/wp-content\/uploads\/2020\/09\/JorgeMacri-Galli.jpg?resize=800%2C466&#038;ssl=1\" alt=\"\" width=\"800\" height=\"466\" srcset=\"https:\/\/i0.wp.com\/cdnoticias.com\/wp-content\/uploads\/2020\/09\/JorgeMacri-Galli.jpg?w=880&amp;ssl=1 880w, https:\/\/i0.wp.com\/cdnoticias.com\/wp-content\/uploads\/2020\/09\/JorgeMacri-Galli.jpg?resize=300%2C175&amp;ssl=1 300w, https:\/\/i0.wp.com\/cdnoticias.com\/wp-content\/uploads\/2020\/09\/JorgeMacri-Galli.jpg?resize=768%2C448&amp;ssl=1 768w\" sizes=\"auto, (max-width: 800px) 100vw, 800px\" \/><\/p>\n<p>&nbsp;<\/p>\n<blockquote><p>Hay mucho en el medio, pero lo concreto es que los reclamos de unidad y de no dividir el espacio derivaron en que todos se acoplaron detr\u00e1s del Jefe de Gobierno porte\u00f1o devenido en l\u00edder pol\u00edtico de un espacio que tiene due\u00f1o: Mauricio Macri.<\/p><\/blockquote>\n<p>&nbsp;<\/p>\n<p>Ojo.<strong> Galli a\u00fan no manifest\u00f3 abiertamente su adhesi\u00f3n a Santilli, aunque s\u00ed a Larreta.<\/strong> Mientras que algunos lo ratificaron como \u201cel Intendente de la unidad\u201d otros se animaron a decir que \u201ces el Intendente que duda y no se decide\u201d c\u00f3mo jugar en la interna. <strong>De todos modos, algunas fuentes cercanas al jefe comunal deslizaron que se acoplar\u00e1 a la decisi\u00f3n partidaria que, sin decirlo, ya lo dijo: ser\u00e1 Santilli.<\/strong><\/p>\n<p>&nbsp;<\/p>\n<p>Mientras <strong>Vidal dej\u00f3 en claro que va a jugar en Capital Federal<\/strong> (y dependiendo del destino de Patricia Bullrich) el Pro orden\u00f3 una parte de la interna detr\u00e1s de Santilli. Ahora falta todo el resto. \u00bfY Carri\u00f3? <a href=\"https:\/\/twitter.com\/holacomar\/status\/1407685540690997249?s=20\" target=\"_blank\" rel=\"noopener\">Present\u00f3 su propia marca de ropa. No, no es un chiste.<\/a><\/p>\n<p>&nbsp;<\/p>\n<p>Hasta ac\u00e1 el repaso de las batallas del Pro:<strong> en la lucha por las definiciones entre Jorge Macri y Larreta, va ganando Larreta. Y en consecuencia, por la prominencia territorial, en el cruce Provincia de Buenos Aires vs Capital, va (sigue) ganando Capital.<\/strong><\/p>\n<p>&nbsp;<\/p>\n<p>Una de las variables es <strong>definir qu\u00e9 pasar\u00e1 con Facundo Manes, casi casi que candidato del radicalismo<\/strong>. Curioso: fue anunciado y no dio m\u00e1s se\u00f1ales de cu\u00e1l ser\u00e1 su destino. La UCR sorprende y condiciona, dado que <em>\u201cnos permite ir a la mesa de discusi\u00f3n con otra actitud, realmente de protagonizar la coalici\u00f3n\u201d<\/em> dijo una fuente del espacio.<\/p>\n<p>&nbsp;<\/p>\n<p><img data-recalc-dims=\"1\" loading=\"lazy\" decoding=\"async\" class=\"alignnone size-full wp-image-24204\" src=\"https:\/\/i0.wp.com\/cdnoticias.com\/wp-content\/uploads\/2021\/06\/UCR-radicales-con-Manes-00.png?resize=800%2C444&#038;ssl=1\" alt=\"\" width=\"800\" height=\"444\" srcset=\"https:\/\/i0.wp.com\/cdnoticias.com\/wp-content\/uploads\/2021\/06\/UCR-radicales-con-Manes-00.png?w=800&amp;ssl=1 800w, https:\/\/i0.wp.com\/cdnoticias.com\/wp-content\/uploads\/2021\/06\/UCR-radicales-con-Manes-00.png?resize=300%2C167&amp;ssl=1 300w, https:\/\/i0.wp.com\/cdnoticias.com\/wp-content\/uploads\/2021\/06\/UCR-radicales-con-Manes-00.png?resize=768%2C426&amp;ssl=1 768w\" sizes=\"auto, (max-width: 800px) 100vw, 800px\" \/><\/p>\n<p>&nbsp;<\/p>\n<p>\u00bfPor qu\u00e9 mencionamos todo esto? Porque <strong>las decisiones tienen injerencia en la S\u00e9ptima Secci\u00f3n. Despu\u00e9s de mostrar a Larreta como referente del Pro en Juntos por el Cambio, el camino parece allanado para que Ezequiel Galli tenga el \u201c1\u201d en la lista de senadores provinciales de la S\u00e9ptima Secci\u00f3n.<\/strong> El riesgo m\u00e1s grande estaba en los vidalistas que, pareciera, no tendr\u00e1n gran poder para meterse en este cierre de listas dado que su referente estar\u00e1 en Capital Federal.<\/p>\n<p>&nbsp;<\/p>\n<p>Pero no est\u00e1 todo dicho. A\u00fan falta resolver el destino del radicalismo, con un dirigente que muestra intenciones de quedarse con el \u201c1\u201d:<strong> se trata del actual legislador (y presidente de la UCR de Alvear) Alejandro Cellillo, que abiertamente dijo que buscar\u00e1 renovar su banca en la c\u00e1mara alta y s\u00ed, encabezando la lista como en 2017.<\/strong><\/p>\n<p>&nbsp;<\/p>\n<p><img data-recalc-dims=\"1\" loading=\"lazy\" decoding=\"async\" class=\"alignnone size-full wp-image-9230\" src=\"https:\/\/i0.wp.com\/cdnoticias.com\/wp-content\/uploads\/2020\/12\/Cellillo-Vice.jpeg?resize=800%2C533&#038;ssl=1\" alt=\"\" width=\"800\" height=\"533\" srcset=\"https:\/\/i0.wp.com\/cdnoticias.com\/wp-content\/uploads\/2020\/12\/Cellillo-Vice.jpeg?w=1024&amp;ssl=1 1024w, https:\/\/i0.wp.com\/cdnoticias.com\/wp-content\/uploads\/2020\/12\/Cellillo-Vice.jpeg?resize=300%2C200&amp;ssl=1 300w, https:\/\/i0.wp.com\/cdnoticias.com\/wp-content\/uploads\/2020\/12\/Cellillo-Vice.jpeg?resize=768%2C512&amp;ssl=1 768w, https:\/\/i0.wp.com\/cdnoticias.com\/wp-content\/uploads\/2020\/12\/Cellillo-Vice.jpeg?resize=272%2C182&amp;ssl=1 272w\" sizes=\"auto, (max-width: 800px) 100vw, 800px\" \/><\/p>\n<p>&nbsp;<\/p>\n<p>En un peque\u00f1o di\u00e1logo con este newsletter, expres\u00f3 que la experiencia ejecutiva como intendente lo puso en ese lugar y el aprendizaje en la C\u00e1mara lo dej\u00f3 en la vicepresidencia del cuerpo, algo para nada menor. <em>\u201cIgual primero habr\u00e1 definiciones en otro lado, y all\u00ed se puede ordenar nuestro destino\u201d<\/em> indic\u00f3 de cara al cierre de listas.<\/p>\n<p>&nbsp;<\/p>\n<p>Otras fuentes vinculadas a los dirigentes hablaron con Volver a las Fuentes y contaron que <strong>Cellillo y Galli hablaron del presunto acuerdo del jefe comunal local y su par de Azul, Hern\u00e1n Bertellys, para quedarse con el 1-2 de la secci\u00f3n.<\/strong> El actual senador le habr\u00eda manifestado que por m\u00e1s acuerdos que tengan, las definiciones ser\u00edan \u201cm\u00e1s arriba\u201d. <strong>Nunca supimos qu\u00e9 le respondi\u00f3 Galli.<\/strong><\/p>\n<p>&nbsp;<\/p>\n<p>Lo concreto es que, mientras tanto,<strong> el Intendente local se sigue mostrando con Hilario Galli y un cada vez m\u00e1s visible Bruno Cenizo.<\/strong> El jefe comunal nos tiene acostumbrados a dejar peque\u00f1as pistas antes de la definici\u00f3n por el cierre de listas y, hasta este domingo,<strong> las m\u00e1s visibles fueron para el actual Secretario de Gobierno y el Presidente del Concejo Deliberante<\/strong>, que finalizar\u00e1 su mandato en diciembre y puede reelegir.<\/p>\n<p>&nbsp;<\/p>\n<p><img data-recalc-dims=\"1\" loading=\"lazy\" decoding=\"async\" class=\"alignnone size-full wp-image-25036\" src=\"https:\/\/i0.wp.com\/cdnoticias.com\/wp-content\/uploads\/2021\/06\/WhatsApp-Image-2021-06-26-at-10.33.22.jpeg?resize=800%2C533&#038;ssl=1\" alt=\"\" width=\"800\" height=\"533\" srcset=\"https:\/\/i0.wp.com\/cdnoticias.com\/wp-content\/uploads\/2021\/06\/WhatsApp-Image-2021-06-26-at-10.33.22.jpeg?w=1280&amp;ssl=1 1280w, https:\/\/i0.wp.com\/cdnoticias.com\/wp-content\/uploads\/2021\/06\/WhatsApp-Image-2021-06-26-at-10.33.22.jpeg?resize=300%2C200&amp;ssl=1 300w, https:\/\/i0.wp.com\/cdnoticias.com\/wp-content\/uploads\/2021\/06\/WhatsApp-Image-2021-06-26-at-10.33.22.jpeg?resize=768%2C512&amp;ssl=1 768w, https:\/\/i0.wp.com\/cdnoticias.com\/wp-content\/uploads\/2021\/06\/WhatsApp-Image-2021-06-26-at-10.33.22.jpeg?resize=1024%2C682&amp;ssl=1 1024w, https:\/\/i0.wp.com\/cdnoticias.com\/wp-content\/uploads\/2021\/06\/WhatsApp-Image-2021-06-26-at-10.33.22.jpeg?resize=272%2C182&amp;ssl=1 272w\" sizes=\"auto, (max-width: 800px) 100vw, 800px\" \/><\/p>\n<p>&nbsp;<\/p>\n<p>Un dato m\u00e1s. Ezequiel Galli, en un di\u00e1logo con<a href=\"http:\/\/agenciacomunica.soc.unicen.edu.ar\/index.php\/destacadas\/1132-galli\"> estudiantes de la c\u00e1tedra de Periodismo Pol\u00edtico de la Facso no descart\u00f3 una posible candidatura de Germ\u00e1n Caputo<\/a> a pesar de la postura del traumat\u00f3logo de no jugar en las elecciones. Ese dato sorprendi\u00f3 aunque por ahora sea solo eso, una posibilidad.<\/p>\n<p>&nbsp;<\/p>\n<p><span style=\"text-decoration: underline;\"><strong>La sorpresa de la reuni\u00f3n de Madero<\/strong><\/span><\/p>\n<p>&nbsp;<\/p>\n<p><img data-recalc-dims=\"1\" loading=\"lazy\" decoding=\"async\" class=\"alignnone size-full wp-image-5884\" src=\"https:\/\/i0.wp.com\/cdnoticias.com\/wp-content\/uploads\/2020\/11\/German-Aramburu1.jpg?resize=800%2C533&#038;ssl=1\" alt=\"\" width=\"800\" height=\"533\" srcset=\"https:\/\/i0.wp.com\/cdnoticias.com\/wp-content\/uploads\/2020\/11\/German-Aramburu1.jpg?w=4608&amp;ssl=1 4608w, https:\/\/i0.wp.com\/cdnoticias.com\/wp-content\/uploads\/2020\/11\/German-Aramburu1.jpg?resize=300%2C200&amp;ssl=1 300w, https:\/\/i0.wp.com\/cdnoticias.com\/wp-content\/uploads\/2020\/11\/German-Aramburu1.jpg?resize=768%2C512&amp;ssl=1 768w, https:\/\/i0.wp.com\/cdnoticias.com\/wp-content\/uploads\/2020\/11\/German-Aramburu1.jpg?resize=1024%2C683&amp;ssl=1 1024w, https:\/\/i0.wp.com\/cdnoticias.com\/wp-content\/uploads\/2020\/11\/German-Aramburu1.jpg?resize=272%2C182&amp;ssl=1 272w, https:\/\/i0.wp.com\/cdnoticias.com\/wp-content\/uploads\/2020\/11\/German-Aramburu1.jpg?w=1600&amp;ssl=1 1600w, https:\/\/i0.wp.com\/cdnoticias.com\/wp-content\/uploads\/2020\/11\/German-Aramburu1.jpg?w=2400&amp;ssl=1 2400w\" sizes=\"auto, (max-width: 800px) 100vw, 800px\" \/><\/p>\n<p>&nbsp;<\/p>\n<p><strong>Germ\u00e1n Aramburu fue protagonista de la semana pol\u00edtica tras dar a conocer contactos con Florencio Randazzo<\/strong> y un posible acercamiento al espacio que, desde este domingo, el ex ministro de Transporte lanz\u00f3 oficialmente y lo tendr\u00e1 como candidato a diputado nacional.<\/p>\n<p>&nbsp;<\/p>\n<p>Si bien todo parec\u00eda encaminado para que Aramburu termine con Randazzo,<strong> el propio concejal de Renovaci\u00f3n Peronista baj\u00f3 los decibeles de los rumores y dijo que <em>\u201ces una posibilidad que no est\u00e1 cerrada\u201d<\/em>.<\/strong> Todav\u00eda est\u00e1 en veremos.<\/p>\n<p>&nbsp;<\/p>\n<p>Lo concreto es que para llegar a esta \u201cposibilidad\u201d <strong>Aramburu mantuvo un encuentro con Randazzo y varios dirigentes olavarrienses en Puerto Madero. Si bien los nombres son mayormente conocidos, hubo una sorpresa que no pas\u00f3 desapercibida<\/strong> e incluso, gener\u00f3 desconfianzas y miradas de reojo entre los propios olavarrienses.<\/p>\n<p>&nbsp;<\/p>\n<p>Se trata de<strong> Marisel Cides, actualmente en funciones en la Direcci\u00f3n de Pol\u00edticas de G\u00e9nero del Municipio.<\/strong> Seg\u00fan algunos presentes en la reuni\u00f3n, \u201cnadie entend\u00eda qu\u00e9 hac\u00eda ah\u00ed\u201d sobre todo si recordamos el final entre Aramburu y Cides, que no fue en los mejores t\u00e9rminos.<\/p>\n<p>&nbsp;<\/p>\n<p><img data-recalc-dims=\"1\" loading=\"lazy\" decoding=\"async\" class=\"alignnone size-full wp-image-24046\" src=\"https:\/\/i0.wp.com\/cdnoticias.com\/wp-content\/uploads\/2021\/06\/Cultura-Visita-Chamula-scaled.jpg?resize=800%2C535&#038;ssl=1\" alt=\"\" width=\"800\" height=\"535\" srcset=\"https:\/\/i0.wp.com\/cdnoticias.com\/wp-content\/uploads\/2021\/06\/Cultura-Visita-Chamula-scaled.jpg?w=2560&amp;ssl=1 2560w, https:\/\/i0.wp.com\/cdnoticias.com\/wp-content\/uploads\/2021\/06\/Cultura-Visita-Chamula-scaled.jpg?resize=300%2C201&amp;ssl=1 300w, https:\/\/i0.wp.com\/cdnoticias.com\/wp-content\/uploads\/2021\/06\/Cultura-Visita-Chamula-scaled.jpg?resize=768%2C513&amp;ssl=1 768w, https:\/\/i0.wp.com\/cdnoticias.com\/wp-content\/uploads\/2021\/06\/Cultura-Visita-Chamula-scaled.jpg?resize=1024%2C684&amp;ssl=1 1024w, https:\/\/i0.wp.com\/cdnoticias.com\/wp-content\/uploads\/2021\/06\/Cultura-Visita-Chamula-scaled.jpg?resize=272%2C182&amp;ssl=1 272w, https:\/\/i0.wp.com\/cdnoticias.com\/wp-content\/uploads\/2021\/06\/Cultura-Visita-Chamula-scaled.jpg?w=1600&amp;ssl=1 1600w, https:\/\/i0.wp.com\/cdnoticias.com\/wp-content\/uploads\/2021\/06\/Cultura-Visita-Chamula-scaled.jpg?w=2400&amp;ssl=1 2400w\" sizes=\"auto, (max-width: 800px) 100vw, 800px\" \/><\/p>\n<p>&nbsp;<\/p>\n<blockquote><p>Quien habr\u00eda hecho de \u201ccelestino\u201d para este acercamiento entre Cides y Randazzo fue Jos\u00e9 Stuppia, quien tambi\u00e9n es cercano al espacio \u201cPor Olavarr\u00eda Todos\u201d dentro de Vecinalistas. Porque todo tiene que ver con todo.<\/p><\/blockquote>\n<p>&nbsp;<\/p>\n<p>Otro rumor en la semana es <strong>qu\u00e9 pasar\u00eda con Alicia Almada, quien comparte bloque con Aramburu pero se los not\u00f3 distanciados, m\u00e1s a\u00fan en un contexto de cierre de listas y de un posible alejamiento del actual concejal del Frente de Todos para arribar al randazzismo.<\/strong> En di\u00e1logo con VAF, se aclar\u00f3 que <em>\u201cAlmada todav\u00eda se encuentra indecisa por su futuro\u201d<\/em> y que<em> \u201cno es algo que se haya charlado a\u00fan, por eso se puede percibir una distancia\u201d.<\/em> Por el lado de Aramburu, se admiti\u00f3 que el edil \u201c<em>tiene ganas de jugar\u201d<\/em> pero que<em> \u201ces prudente, falta mucho y debe pensar muchas cosas\u201d.<\/em><\/p>\n<p>&nbsp;<\/p>\n<p><img data-recalc-dims=\"1\" loading=\"lazy\" decoding=\"async\" class=\"alignnone size-full wp-image-8624\" src=\"https:\/\/i0.wp.com\/cdnoticias.com\/wp-content\/uploads\/2020\/12\/alicia-almada-hcd.jpg?resize=800%2C489&#038;ssl=1\" alt=\"\" width=\"800\" height=\"489\" srcset=\"https:\/\/i0.wp.com\/cdnoticias.com\/wp-content\/uploads\/2020\/12\/alicia-almada-hcd.jpg?w=1040&amp;ssl=1 1040w, https:\/\/i0.wp.com\/cdnoticias.com\/wp-content\/uploads\/2020\/12\/alicia-almada-hcd.jpg?resize=300%2C183&amp;ssl=1 300w, https:\/\/i0.wp.com\/cdnoticias.com\/wp-content\/uploads\/2020\/12\/alicia-almada-hcd.jpg?resize=768%2C470&amp;ssl=1 768w, https:\/\/i0.wp.com\/cdnoticias.com\/wp-content\/uploads\/2020\/12\/alicia-almada-hcd.jpg?resize=1024%2C626&amp;ssl=1 1024w\" sizes=\"auto, (max-width: 800px) 100vw, 800px\" \/><\/p>\n<p>&nbsp;<\/p>\n<p><span style=\"text-decoration: underline;\"><strong>Mientras tanto, Andrea Coronel encabeza lista<\/strong><\/span><\/p>\n<p>&nbsp;<\/p>\n<p><img data-recalc-dims=\"1\" loading=\"lazy\" decoding=\"async\" class=\"alignnone size-full wp-image-23468\" src=\"https:\/\/i0.wp.com\/cdnoticias.com\/wp-content\/uploads\/2021\/06\/WhatsApp-Image-2021-06-08-at-13.04.41.jpeg?resize=692%2C575&#038;ssl=1\" alt=\"\" width=\"692\" height=\"575\" srcset=\"https:\/\/i0.wp.com\/cdnoticias.com\/wp-content\/uploads\/2021\/06\/WhatsApp-Image-2021-06-08-at-13.04.41.jpeg?w=692&amp;ssl=1 692w, https:\/\/i0.wp.com\/cdnoticias.com\/wp-content\/uploads\/2021\/06\/WhatsApp-Image-2021-06-08-at-13.04.41.jpeg?resize=300%2C249&amp;ssl=1 300w\" sizes=\"auto, (max-width: 692px) 100vw, 692px\" \/><\/p>\n<p>&nbsp;<\/p>\n<p>Los dirigentes que m\u00e1s se\u00f1ales claras dieron de jugar dentro del randazzismo fueron los del POT, con Andrea Coronel a la cabeza. Fotos, reuniones, y confirmaci\u00f3n doble: no s\u00f3lo de que Randazzo ser\u00e1 candidato y <a href=\"https:\/\/twitter.com\/andreacoronel29\/status\/1409024098357895168?s=20\" target=\"_blank\" rel=\"noopener\">ayer ya meti\u00f3 sesi\u00f3n de fotos \u201coficial de candidato\u201d<\/a>, sino que <strong>Coronel encabezar\u00e1 la lista de precandidatos a concejales en la ciudad.<\/strong><\/p>\n<p>&nbsp;<\/p>\n<blockquote><p>Esto viene con un trabajo integral con el espacio Vecinalistas, que acompa\u00f1ar\u00e1 en toda la Provincia a Randazzo. Incluso, el acuerdo fue \u201cun\u00e1nime\u201d sin dudas internas.<\/p><\/blockquote>\n<p>&nbsp;<\/p>\n<p>Hubo, s\u00ed, <strong>alg\u00fan chispazo por la reuni\u00f3n de Aramburu y otros dirigentes con Randazzo<\/strong>. <em>\u201cPidieron garant\u00edas para ser los 1 de la lista, cuando nosotros venimos trabajando hace mucho tiempo\u201d<\/em> dijo un dirigente del POT desde Puerto Madero. Se lo escuchaba con mucha impotencia.<\/p>\n<p>&nbsp;<\/p>\n<p>Desde el mismo POT se indic\u00f3 que<strong> quien le hizo puente a Randazzo con el sector de Aramburu fue el intendente de Merlo, Gustavo Men\u00e9ndez<\/strong>, en un gesto de cortes\u00eda con el sector local.<\/p>\n<p>&nbsp;<\/p>\n<p>M\u00e1s all\u00e1 de este contrapunto, ratificaron a<strong> Coronel como \u201cla 1\u201d de la lista de concejales que buscar\u00e1 plantearse como una \u201ctercera posici\u00f3n\u201d en la elecci\u00f3n, a la espera de la decisi\u00f3n de Emilio Monz\u00f3 y su Partido del Di\u00e1logo.<\/strong> Por ahora, s\u00f3lo suena por s\u00ed mismo, sin aliarse con otros sectores, aunque\u2026 si, la frase que ya conocemos todos. Falta poco, pero en pol\u00edtica falta una vida.<\/p>\n<p>&nbsp;<\/p>\n<p><img data-recalc-dims=\"1\" loading=\"lazy\" decoding=\"async\" class=\"alignnone size-full wp-image-23223\" src=\"https:\/\/i0.wp.com\/cdnoticias.com\/wp-content\/uploads\/2021\/06\/vecinalistas-Monzo.jpeg?resize=800%2C501&#038;ssl=1\" alt=\"\" width=\"800\" height=\"501\" srcset=\"https:\/\/i0.wp.com\/cdnoticias.com\/wp-content\/uploads\/2021\/06\/vecinalistas-Monzo.jpeg?w=1066&amp;ssl=1 1066w, https:\/\/i0.wp.com\/cdnoticias.com\/wp-content\/uploads\/2021\/06\/vecinalistas-Monzo.jpeg?resize=300%2C188&amp;ssl=1 300w, https:\/\/i0.wp.com\/cdnoticias.com\/wp-content\/uploads\/2021\/06\/vecinalistas-Monzo.jpeg?resize=768%2C481&amp;ssl=1 768w, https:\/\/i0.wp.com\/cdnoticias.com\/wp-content\/uploads\/2021\/06\/vecinalistas-Monzo.jpeg?resize=1024%2C641&amp;ssl=1 1024w\" sizes=\"auto, (max-width: 800px) 100vw, 800px\" \/><\/p>\n<p>&nbsp;<\/p>\n<p>Adem\u00e1s de estos armados (y desarmados) locales, el regreso de Randazzo a una candidatura \u00bfmodificar\u00e1 la proyecci\u00f3n de votos del Frente de Todos o la de Juntos por el Cambio?<a href=\"https:\/\/sinfiltro.ar\/randazzo-tiene-una-matriz-electoral-por-medio-de-la-cual-puede-sacar-votos-a-los-dos-extremos\/\" target=\"_blank\" rel=\"noopener\"> Ac\u00e1 la opini\u00f3n del encuestador y consultor pol\u00edtico Gustavo C\u00f3rdoba<\/a>: dice que el ex ministro le puede sacar votos a los dos espacios. De pasada, <strong>desliz\u00f3 una victoria de la oposici\u00f3n en el \u00e1mbito bonaerense: <em>\u201cel kirchnerismo hace 16 a\u00f1os que no gana una elecci\u00f3n intermedia\u201d<\/em> dijo. Contundente.<\/strong><\/p>\n<p>&nbsp;<\/p>\n<p><span style=\"text-decoration: underline;\"><strong>Se refuerza (y cambia) la comunicaci\u00f3n<\/strong><\/span><\/p>\n<p>&nbsp;<\/p>\n<p><img data-recalc-dims=\"1\" loading=\"lazy\" decoding=\"async\" class=\"alignnone size-full wp-image-25099\" src=\"https:\/\/i0.wp.com\/cdnoticias.com\/wp-content\/uploads\/2021\/06\/206779936_1404408009937042_1439832911819623344_n.jpg?resize=800%2C494&#038;ssl=1\" alt=\"\" width=\"800\" height=\"494\" srcset=\"https:\/\/i0.wp.com\/cdnoticias.com\/wp-content\/uploads\/2021\/06\/206779936_1404408009937042_1439832911819623344_n.jpg?w=1280&amp;ssl=1 1280w, https:\/\/i0.wp.com\/cdnoticias.com\/wp-content\/uploads\/2021\/06\/206779936_1404408009937042_1439832911819623344_n.jpg?resize=300%2C185&amp;ssl=1 300w, https:\/\/i0.wp.com\/cdnoticias.com\/wp-content\/uploads\/2021\/06\/206779936_1404408009937042_1439832911819623344_n.jpg?resize=768%2C475&amp;ssl=1 768w, https:\/\/i0.wp.com\/cdnoticias.com\/wp-content\/uploads\/2021\/06\/206779936_1404408009937042_1439832911819623344_n.jpg?resize=1024%2C633&amp;ssl=1 1024w\" sizes=\"auto, (max-width: 800px) 100vw, 800px\" \/><\/p>\n<p>&nbsp;<\/p>\n<p>Ya que hablamos de oficialismo nacional y provincial, los movimientos que se observaron en los \u00faltimos d\u00edas muestran los cambios en la comunicaci\u00f3n que ya empiezan a darse. Por ahora no hay pistas firmes de qui\u00e9nes ser\u00e1n los candidatos. Pero claro, en el fondo no importa tanto porque lo que se juega cualquier oficialismo en una elecci\u00f3n legislativa es la revalidaci\u00f3n de su gesti\u00f3n. Es decir, Axel Kicillof y Alberto Fern\u00e1ndez ser\u00e1n las figuras sin boleta.<\/p>\n<p>&nbsp;<\/p>\n<p>El martes en la conferencia semanal donde la Provincia informa la situaci\u00f3n sanitaria ya vimos un spot que anticipa el mensaje que se proyecta para esta campa\u00f1a. <strong>\u201cLa danza del vacunado\u201d<\/strong> la denominamos informalmente en Volver a las Fuentes (<a href=\"https:\/\/www.youtube.com\/watch?v=OvyxssnI82Q&amp;t=1072s\" target=\"_blank\" rel=\"noopener\">en los primeros minutos de este video ves el spot<\/a>): triunfalismo y futuro son los ejes elegidos. Si te interesa el tema, <a href=\"https:\/\/www.pagina12.com.ar\/349406-militar-la-gestion-la-estrategia-de-campana\" target=\"_blank\" rel=\"noopener\">ac\u00e1 un adelanto de los movimientos en el Frente de Todos nacional<\/a> y <a href=\"https:\/\/www.infobae.com\/politica\/2021\/06\/27\/como-trabaja-el-equipo-de-campana-del-frente-de-todos-en-la-provincia-de-buenos-aires-diferencias-y-similitudes-con-el-2019\/\" target=\"_blank\" rel=\"noopener\">ac\u00e1, el provincial.\u00a0<\/a><\/p>\n<p>&nbsp;<\/p>\n<p><strong>En ning\u00fan escenario ni jurisdicci\u00f3n se espera que haya PASO en el Frente de Todos<\/strong>: la unidad es la clave, decisi\u00f3n pol\u00edtico-partidaria y estrat\u00e9gica. Y retomando un poco lo que se\u00f1alamos en la edici\u00f3n anterior acerca de c\u00f3mo se compone la mesa de decisi\u00f3n de candidaturas para la Provincia, tenemos que decir que al igual que sucede en Juntos por el Cambio, las lapiceras principales parece que estar\u00e1n en CABA.<\/p>\n<p>&nbsp;<\/p>\n<p><img data-recalc-dims=\"1\" loading=\"lazy\" decoding=\"async\" class=\"alignnone size-full wp-image-6426\" src=\"https:\/\/i0.wp.com\/cdnoticias.com\/wp-content\/uploads\/2020\/11\/Kato3.jpg?resize=800%2C533&#038;ssl=1\" alt=\"\" width=\"800\" height=\"533\" srcset=\"https:\/\/i0.wp.com\/cdnoticias.com\/wp-content\/uploads\/2020\/11\/Kato3.jpg?w=4608&amp;ssl=1 4608w, https:\/\/i0.wp.com\/cdnoticias.com\/wp-content\/uploads\/2020\/11\/Kato3.jpg?resize=300%2C200&amp;ssl=1 300w, https:\/\/i0.wp.com\/cdnoticias.com\/wp-content\/uploads\/2020\/11\/Kato3.jpg?resize=768%2C512&amp;ssl=1 768w, https:\/\/i0.wp.com\/cdnoticias.com\/wp-content\/uploads\/2020\/11\/Kato3.jpg?resize=1024%2C683&amp;ssl=1 1024w, https:\/\/i0.wp.com\/cdnoticias.com\/wp-content\/uploads\/2020\/11\/Kato3.jpg?resize=272%2C182&amp;ssl=1 272w, https:\/\/i0.wp.com\/cdnoticias.com\/wp-content\/uploads\/2020\/11\/Kato3.jpg?w=1600&amp;ssl=1 1600w, https:\/\/i0.wp.com\/cdnoticias.com\/wp-content\/uploads\/2020\/11\/Kato3.jpg?w=2400&amp;ssl=1 2400w\" sizes=\"auto, (max-width: 800px) 100vw, 800px\" \/><\/p>\n<p>&nbsp;<\/p>\n<p>En el plano local tambi\u00e9n<strong> hay movimientos que dan indicios de que el Frente de Todos se refuerza en la comunicaci\u00f3n, tanto en la estructura como en los mensajes.<\/strong> La imagen de <strong>Federico Aguilera<\/strong>, por ejemplo, cobra m\u00e1s protagonismo e intensidad ligada a \u201cgesti\u00f3n (en general)\u201d que a sus funciones puntuales de la Subsecretar\u00eda de Miner\u00eda. Es el principal referente local del espacio y, consecuentemente, el que m\u00e1s se muestra.<\/p>\n<p>&nbsp;<\/p>\n<p>Y una hip\u00f3tesis. As\u00ed como la \u201cimagen positiva\u201d de Caputo a partir de la gesti\u00f3n de la pandemia podr\u00eda ser el trampol\u00edn a una eventual candidatura en la lista de Galli, <strong>\u00bfpodr\u00eda pensarse en Ramiro Borzi en una candidatura a partir de su gesti\u00f3n en la Regi\u00f3n Sanitaria IX?<\/strong> La respuesta te la debemos; lo importante era la pregunta.<\/p>\n<p>&nbsp;<\/p>\n<p><img data-recalc-dims=\"1\" loading=\"lazy\" decoding=\"async\" class=\"alignnone size-full wp-image-5824\" src=\"https:\/\/i0.wp.com\/cdnoticias.com\/wp-content\/uploads\/2020\/11\/Ramiro-Borzi.jpg?resize=800%2C533&#038;ssl=1\" alt=\"\" width=\"800\" height=\"533\" srcset=\"https:\/\/i0.wp.com\/cdnoticias.com\/wp-content\/uploads\/2020\/11\/Ramiro-Borzi.jpg?w=4608&amp;ssl=1 4608w, https:\/\/i0.wp.com\/cdnoticias.com\/wp-content\/uploads\/2020\/11\/Ramiro-Borzi.jpg?resize=300%2C200&amp;ssl=1 300w, https:\/\/i0.wp.com\/cdnoticias.com\/wp-content\/uploads\/2020\/11\/Ramiro-Borzi.jpg?resize=768%2C512&amp;ssl=1 768w, https:\/\/i0.wp.com\/cdnoticias.com\/wp-content\/uploads\/2020\/11\/Ramiro-Borzi.jpg?resize=1024%2C683&amp;ssl=1 1024w, https:\/\/i0.wp.com\/cdnoticias.com\/wp-content\/uploads\/2020\/11\/Ramiro-Borzi.jpg?resize=272%2C182&amp;ssl=1 272w, https:\/\/i0.wp.com\/cdnoticias.com\/wp-content\/uploads\/2020\/11\/Ramiro-Borzi.jpg?w=1600&amp;ssl=1 1600w, https:\/\/i0.wp.com\/cdnoticias.com\/wp-content\/uploads\/2020\/11\/Ramiro-Borzi.jpg?w=2400&amp;ssl=1 2400w\" sizes=\"auto, (max-width: 800px) 100vw, 800px\" \/><\/p>\n<p>&nbsp;<\/p>\n<p><strong>Un extracto<\/strong><\/p>\n<p>&nbsp;<\/p>\n<p>Estos temas, y otros m\u00e1s de la actualidad del \u00e1mbito pol\u00edtico local, se publicaron en la edici\u00f3n de este domingo del newsletter\u00a0<strong>Volver a las Fuentes<\/strong>\u00a0\u2013en esta edici\u00f3n,\u00a0<strong>\u201cEl que se marea en la rosca, pierde\u201d<\/strong>\u00a0\u2013 que escriben semanalmente Alexis Grierson y Josefina Bargas.<\/p>\n<p>&nbsp;<\/p>\n<p>La publicaci\u00f3n es gratuita, sale todos los domingos a la ma\u00f1ana.<a href=\"https:\/\/mailchi.mp\/4f30ba4296cf\/el-que-se-marea-en-la-rosca-pierde\" target=\"_blank\" rel=\"noopener\">\u00a0La edici\u00f3n completa ac\u00e1<\/a>\u00a0y la<a href=\"https:\/\/gmail.us17.list-manage.com\/subscribe?u=cba2a41506a8e26d100c3f0f8&amp;id=63ce583cd9\" target=\"_blank\" rel=\"noopener\">\u00a0suscripci\u00f3n est\u00e1 abierta aqu\u00ed.<\/a><\/p>\n","protected":false},"excerpt":{"rendered":"<p>Galli se acerca cada vez m\u00e1s a los intendentes que apoyan a Santilli. Aramburu, una reuni\u00f3n con Randazzo y una<\/p>\n","protected":false},"author":5,"featured_media":25100,"comment_status":"closed","ping_status":"closed","sticky":false,"template":"","format":"standard","meta":{"_jetpack_memberships_contains_paid_content":false,"footnotes":""},"categories":[4,1],"tags":[],"class_list":["post-25098","post","type-post","status-publish","format-standard","has-post-thumbnail","hentry","category-politica","category-portada"],"jetpack_featured_media_url":"https:\/\/i0.wp.com\/cdnoticias.com\/wp-content\/uploads\/2021\/06\/208444741_1404407916603718_2519591701099000360_n.jpg?fit=1280%2C563&ssl=1","jetpack_sharing_enabled":true,"_links":{"self":[{"href":"https:\/\/cdnoticias.com\/index.php\/wp-json\/wp\/v2\/posts\/25098","targetHints":{"allow":["GET"]}}],"collection":[{"href":"https:\/\/cdnoticias.com\/index.php\/wp-json\/wp\/v2\/posts"}],"about":[{"href":"https:\/\/cdnoticias.com\/index.php\/wp-json\/wp\/v2\/types\/post"}],"author":[{"embeddable":true,"href":"https:\/\/cdnoticias.com\/index.php\/wp-json\/wp\/v2\/users\/5"}],"replies":[{"embeddable":true,"href":"https:\/\/cdnoticias.com\/index.php\/wp-json\/wp\/v2\/comments?post=25098"}],"version-history":[{"count":0,"href":"https:\/\/cdnoticias.com\/index.php\/wp-json\/wp\/v2\/posts\/25098\/revisions"}],"wp:featuredmedia":[{"embeddable":true,"href":"https:\/\/cdnoticias.com\/index.php\/wp-json\/wp\/v2\/media\/25100"}],"wp:attachment":[{"href":"https:\/\/cdnoticias.com\/index.php\/wp-json\/wp\/v2\/media?parent=25098"}],"wp:term":[{"taxonomy":"category","embeddable":true,"href":"https:\/\/cdnoticias.com\/index.php\/wp-json\/wp\/v2\/categories?post=25098"},{"taxonomy":"post_tag","embeddable":true,"href":"https:\/\/cdnoticias.com\/index.php\/wp-json\/wp\/v2\/tags?post=25098"}],"curies":[{"name":"wp","href":"https:\/\/api.w.org\/{rel}","templated":true}]}}