{"id":25067,"date":"2021-06-26T14:44:55","date_gmt":"2021-06-26T17:44:55","guid":{"rendered":"http:\/\/www.centraldenoticias.com.ar\/?p=25067"},"modified":"2021-06-26T14:51:20","modified_gmt":"2021-06-26T17:51:20","slug":"la-bandera-del-orgullo-se-izara-en-la-plaza-aguado","status":"publish","type":"post","link":"https:\/\/cdnoticias.com\/index.php\/2021\/06\/26\/la-bandera-del-orgullo-se-izara-en-la-plaza-aguado\/","title":{"rendered":"La bandera del Orgullo se izar\u00e1 en la Plaza Aguado"},"content":{"rendered":"<p>En el marco del D\u00eda del Orgulo, el Espacio de Diversidad Sexual y Disidencias del Sindicato de Trabajadores Municipales realizar\u00e1 un homenaje a todas las personas que luchan d\u00eda a d\u00eda por la igualdad de derechos.<!--more--><\/p>\n<hr \/>\n<p>Desde el <strong>Espacio de Diversidad Sexual y Disidencias del Sindicato de Trabajadores Municipales de Olavarr\u00eda<\/strong> se realizar\u00e1 un homenaje para celebrar el D\u00eda del Orgullo.<\/p>\n<p>&nbsp;<\/p>\n<p>De esta forma, <strong>izaran la bandera de la comunidad LGBT<\/strong> como reconocimiento a quienes han luchado y siguen luchando por los derechos <em>\u201cque hoy de a poco vamos conquistando\u201d.<\/em><\/p>\n<p>&nbsp;<\/p>\n<p>El encuentro ser\u00e1 el lunes 28 de junio en la <strong>Plaza Aguado (Brown y V\u00e9lez Sarsfield) a partir de las 16 horas.<\/strong> Se solicit\u00f3 concurrir respetando el distanciamiento social y con barbijo.<\/p>\n<p>&nbsp;<\/p>\n<p>Asimismo, la consigna que reinar\u00e1 tendr\u00e1 que ver con el <strong>pedido de aparici\u00f3n de Tehuel,<\/strong> el joven trans que es buscado desde el 11 de marzo.<\/p>\n<p>&nbsp;<\/p>\n<p><img data-recalc-dims=\"1\" loading=\"lazy\" decoding=\"async\" class=\"alignnone size-full wp-image-25068\" src=\"https:\/\/i0.wp.com\/cdnoticias.com\/wp-content\/uploads\/2021\/06\/WhatsApp-Image-2021-06-26-at-09.56.47.jpeg?resize=667%2C942&#038;ssl=1\" alt=\"\" width=\"667\" height=\"942\" srcset=\"https:\/\/i0.wp.com\/cdnoticias.com\/wp-content\/uploads\/2021\/06\/WhatsApp-Image-2021-06-26-at-09.56.47.jpeg?w=667&amp;ssl=1 667w, https:\/\/i0.wp.com\/cdnoticias.com\/wp-content\/uploads\/2021\/06\/WhatsApp-Image-2021-06-26-at-09.56.47.jpeg?resize=212%2C300&amp;ssl=1 212w\" sizes=\"auto, (max-width: 667px) 100vw, 667px\" \/><\/p>\n","protected":false},"excerpt":{"rendered":"<p>En el marco del D\u00eda del Orgulo, el Espacio de Diversidad Sexual y Disidencias del Sindicato de Trabajadores Municipales realizar\u00e1<\/p>\n","protected":false},"author":5,"featured_media":25070,"comment_status":"closed","ping_status":"closed","sticky":false,"template":"","format":"standard","meta":{"_jetpack_memberships_contains_paid_content":false,"footnotes":""},"categories":[3,1],"tags":[],"class_list":["post-25067","post","type-post","status-publish","format-standard","has-post-thumbnail","hentry","category-genero","category-portada"],"jetpack_featured_media_url":"https:\/\/i0.wp.com\/cdnoticias.com\/wp-content\/uploads\/2021\/06\/flyerportadaorgullo.jpg?fit=667%2C478&ssl=1","jetpack_sharing_enabled":true,"_links":{"self":[{"href":"https:\/\/cdnoticias.com\/index.php\/wp-json\/wp\/v2\/posts\/25067","targetHints":{"allow":["GET"]}}],"collection":[{"href":"https:\/\/cdnoticias.com\/index.php\/wp-json\/wp\/v2\/posts"}],"about":[{"href":"https:\/\/cdnoticias.com\/index.php\/wp-json\/wp\/v2\/types\/post"}],"author":[{"embeddable":true,"href":"https:\/\/cdnoticias.com\/index.php\/wp-json\/wp\/v2\/users\/5"}],"replies":[{"embeddable":true,"href":"https:\/\/cdnoticias.com\/index.php\/wp-json\/wp\/v2\/comments?post=25067"}],"version-history":[{"count":0,"href":"https:\/\/cdnoticias.com\/index.php\/wp-json\/wp\/v2\/posts\/25067\/revisions"}],"wp:featuredmedia":[{"embeddable":true,"href":"https:\/\/cdnoticias.com\/index.php\/wp-json\/wp\/v2\/media\/25070"}],"wp:attachment":[{"href":"https:\/\/cdnoticias.com\/index.php\/wp-json\/wp\/v2\/media?parent=25067"}],"wp:term":[{"taxonomy":"category","embeddable":true,"href":"https:\/\/cdnoticias.com\/index.php\/wp-json\/wp\/v2\/categories?post=25067"},{"taxonomy":"post_tag","embeddable":true,"href":"https:\/\/cdnoticias.com\/index.php\/wp-json\/wp\/v2\/tags?post=25067"}],"curies":[{"name":"wp","href":"https:\/\/api.w.org\/{rel}","templated":true}]}}