{"id":25058,"date":"2021-06-26T13:13:48","date_gmt":"2021-06-26T16:13:48","guid":{"rendered":"http:\/\/www.centraldenoticias.com.ar\/?p=25058"},"modified":"2021-06-26T13:13:48","modified_gmt":"2021-06-26T16:13:48","slug":"miguel-angel-urrutia-cacho-q-e-p-d","status":"publish","type":"post","link":"https:\/\/cdnoticias.com\/index.php\/2021\/06\/26\/miguel-angel-urrutia-cacho-q-e-p-d\/","title":{"rendered":"Miguel \u00c1ngel Urrutia \u201cCacho\u201d (Q.E.P.D.)"},"content":{"rendered":"<p>Falleci\u00f3 en Olavarr\u00eda el 26 de junio a los 91 a\u00f1os. Su esposa Flora Catalina Bustos; su hija Claudia Andrea Urrutia; sus nietos Morena y Agust\u00edn Gil Urrutia; sus sobrinos\/as, sobrinos pol\u00edticos; sus cu\u00f1ados y dem\u00e1s deudos participan de su fallecimiento.<\/p>\n<p>&nbsp;<\/p>\n<p>Sus restos ser\u00e1n velados en sala de Espa\u00f1a 2942, Departamento &#8220;D&#8221; este s\u00e1bado de 16:00 a 18:00; y ser\u00e1n cremados en Crematorio Pinos de Paz en d\u00eda y horario a confirmar. Vecino de barrio Belgrano. Oriundo de Espigas. Jubilado.<\/p>\n","protected":false},"excerpt":{"rendered":"<p>Falleci\u00f3 en Olavarr\u00eda el 26 de junio a los 91 a\u00f1os. Su esposa Flora Catalina Bustos; su hija Claudia Andrea<\/p>\n","protected":false},"author":5,"featured_media":0,"comment_status":"closed","ping_status":"closed","sticky":false,"template":"","format":"standard","meta":{"_jetpack_memberships_contains_paid_content":false,"footnotes":""},"categories":[10],"tags":[],"class_list":["post-25058","post","type-post","status-publish","format-standard","hentry","category-necrologicas"],"jetpack_featured_media_url":"","jetpack_sharing_enabled":true,"_links":{"self":[{"href":"https:\/\/cdnoticias.com\/index.php\/wp-json\/wp\/v2\/posts\/25058","targetHints":{"allow":["GET"]}}],"collection":[{"href":"https:\/\/cdnoticias.com\/index.php\/wp-json\/wp\/v2\/posts"}],"about":[{"href":"https:\/\/cdnoticias.com\/index.php\/wp-json\/wp\/v2\/types\/post"}],"author":[{"embeddable":true,"href":"https:\/\/cdnoticias.com\/index.php\/wp-json\/wp\/v2\/users\/5"}],"replies":[{"embeddable":true,"href":"https:\/\/cdnoticias.com\/index.php\/wp-json\/wp\/v2\/comments?post=25058"}],"version-history":[{"count":0,"href":"https:\/\/cdnoticias.com\/index.php\/wp-json\/wp\/v2\/posts\/25058\/revisions"}],"wp:attachment":[{"href":"https:\/\/cdnoticias.com\/index.php\/wp-json\/wp\/v2\/media?parent=25058"}],"wp:term":[{"taxonomy":"category","embeddable":true,"href":"https:\/\/cdnoticias.com\/index.php\/wp-json\/wp\/v2\/categories?post=25058"},{"taxonomy":"post_tag","embeddable":true,"href":"https:\/\/cdnoticias.com\/index.php\/wp-json\/wp\/v2\/tags?post=25058"}],"curies":[{"name":"wp","href":"https:\/\/api.w.org\/{rel}","templated":true}]}}