{"id":25034,"date":"2021-06-26T11:29:40","date_gmt":"2021-06-26T14:29:40","guid":{"rendered":"http:\/\/www.centraldenoticias.com.ar\/?p=25034"},"modified":"2021-06-27T11:46:16","modified_gmt":"2021-06-27T14:46:16","slug":"lanzaron-el-programa-tu-vi-licitaran-a-los-vecinos-las-primeras-40-viviendas","status":"publish","type":"post","link":"https:\/\/cdnoticias.com\/index.php\/2021\/06\/26\/lanzaron-el-programa-tu-vi-licitaran-a-los-vecinos-las-primeras-40-viviendas\/","title":{"rendered":"Lanzaron el Programa TU.VI: licitar\u00e1n a los vecinos las primeras 40 viviendas"},"content":{"rendered":"<p>El lunes comienzan los trabajos, que durar\u00e1n 18 meses. Ser\u00e1n 20 viviendas tradicionales y otras 20 \u201cindustrializadas\u201d. La inscripci\u00f3n en el Registro de Demanda Habitacional ser\u00e1 requisito principal. En agosto ser\u00e1 la apertura de sobres.\u00a0<!--more--><\/p>\n<hr \/>\n<p>El intendente <strong>Ezequiel Galli encabez\u00f3 una conferencia de prensa para dar detalles sobre el Plan Municipal TU.VI.<\/strong> Explicaron<a href=\"https:\/\/cdnoticias.com\/index.php\/2021\/06\/26\/en-que-consiste-el-programa-tu-vi\/\" target=\"_blank\" rel=\"noopener\"> c\u00f3mo ser\u00e1 el sistema de acceso a estas viviendas y la adhesi\u00f3n al programa<\/a> comenzar\u00e1 desde este lunes a las 08:30 horas.<\/p>\n<p>&nbsp;<\/p>\n<p>Para el anuncio estuvo acompa\u00f1ado por la coordinadora del programa Daniela De Martino, el secretario de Gobierno Hilario Galli, la secretaria de Econom\u00eda y Hacienda Eugenia Bezzoni; el presidente del HCD Bruno Cenizo; el secretario de Obras P\u00fablicas Julio Ferraro, y un representante de la empresa que realizar\u00e1 la obra Visan Ingenier\u00eda.<\/p>\n<p>&nbsp;<\/p>\n<p><img data-recalc-dims=\"1\" loading=\"lazy\" decoding=\"async\" class=\"alignnone size-full wp-image-25035\" src=\"https:\/\/i0.wp.com\/cdnoticias.com\/wp-content\/uploads\/2021\/06\/WhatsApp-Image-2021-06-26-at-10.33.22-1.jpeg?resize=800%2C533&#038;ssl=1\" alt=\"\" width=\"800\" height=\"533\" srcset=\"https:\/\/i0.wp.com\/cdnoticias.com\/wp-content\/uploads\/2021\/06\/WhatsApp-Image-2021-06-26-at-10.33.22-1.jpeg?w=1280&amp;ssl=1 1280w, https:\/\/i0.wp.com\/cdnoticias.com\/wp-content\/uploads\/2021\/06\/WhatsApp-Image-2021-06-26-at-10.33.22-1.jpeg?resize=300%2C200&amp;ssl=1 300w, https:\/\/i0.wp.com\/cdnoticias.com\/wp-content\/uploads\/2021\/06\/WhatsApp-Image-2021-06-26-at-10.33.22-1.jpeg?resize=768%2C512&amp;ssl=1 768w, https:\/\/i0.wp.com\/cdnoticias.com\/wp-content\/uploads\/2021\/06\/WhatsApp-Image-2021-06-26-at-10.33.22-1.jpeg?resize=1024%2C682&amp;ssl=1 1024w, https:\/\/i0.wp.com\/cdnoticias.com\/wp-content\/uploads\/2021\/06\/WhatsApp-Image-2021-06-26-at-10.33.22-1.jpeg?resize=272%2C182&amp;ssl=1 272w\" sizes=\"auto, (max-width: 800px) 100vw, 800px\" \/><\/p>\n<p>&nbsp;<\/p>\n<p><strong>Las obras se ejecutar\u00e1n en el barrio Pickelado<\/strong> y el Intendente resalt\u00f3 la necesidad de <em>\u201cremediar el d\u00e9ficit habitacional\u201d<\/em>. Entre otras gestiones desde el inicio de la gesti\u00f3n Galli en 2015, se resalt\u00f3 la <em>\u201cdecisi\u00f3n de la ex gobernadora Vidal de finalizar viviendas que estaban abandonadas de gestiones anteriores, como justamente el Pickelado\u201d.<\/em> Asimismo <strong>resalt\u00f3 la creaci\u00f3n del Registro de Demanda Habitacional para lo cual el Municipio ya llam\u00f3 a los interesados a inscribirse y actualizar sus datos.<\/strong><\/p>\n<p>&nbsp;<\/p>\n<blockquote><p>Durante el encuentro con los medios, Galli se\u00f1al\u00f3 que ya hay 2.000 anotados en ese registro.<\/p><\/blockquote>\n<p><em>\u201cCreemos que es el inicio de un plan integral de vivienda que se mantenga en el tiempo y las gestiones\u201d<\/em>, asegur\u00f3, al tiempo que destac\u00f3 que <strong>el programa tendr\u00e1 una inversi\u00f3n total de 100 millones de pesos y 18 meses de plazo de ejecuci\u00f3n para las 40 casas: 20 \u201ctradicionales\u201d y otras 20 \u201cindustrializadas\u201d<\/strong> o conocidas m\u00e1s com\u00fanmente como prefabricadas.<\/p>\n<p>&nbsp;<\/p>\n<p><img data-recalc-dims=\"1\" loading=\"lazy\" decoding=\"async\" class=\"alignnone size-full wp-image-25036\" src=\"https:\/\/i0.wp.com\/cdnoticias.com\/wp-content\/uploads\/2021\/06\/WhatsApp-Image-2021-06-26-at-10.33.22.jpeg?resize=800%2C533&#038;ssl=1\" alt=\"\" width=\"800\" height=\"533\" srcset=\"https:\/\/i0.wp.com\/cdnoticias.com\/wp-content\/uploads\/2021\/06\/WhatsApp-Image-2021-06-26-at-10.33.22.jpeg?w=1280&amp;ssl=1 1280w, https:\/\/i0.wp.com\/cdnoticias.com\/wp-content\/uploads\/2021\/06\/WhatsApp-Image-2021-06-26-at-10.33.22.jpeg?resize=300%2C200&amp;ssl=1 300w, https:\/\/i0.wp.com\/cdnoticias.com\/wp-content\/uploads\/2021\/06\/WhatsApp-Image-2021-06-26-at-10.33.22.jpeg?resize=768%2C512&amp;ssl=1 768w, https:\/\/i0.wp.com\/cdnoticias.com\/wp-content\/uploads\/2021\/06\/WhatsApp-Image-2021-06-26-at-10.33.22.jpeg?resize=1024%2C682&amp;ssl=1 1024w, https:\/\/i0.wp.com\/cdnoticias.com\/wp-content\/uploads\/2021\/06\/WhatsApp-Image-2021-06-26-at-10.33.22.jpeg?resize=272%2C182&amp;ssl=1 272w\" sizes=\"auto, (max-width: 800px) 100vw, 800px\" \/><\/p>\n<p>&nbsp;<\/p>\n<blockquote><p>\u201cLa realidad del pa\u00eds hace que sea imposible acceder a un cr\u00e9dito hipotecario, quienes pueden acceder a un terreno no pueden acceder a la casa propia\u201d agreg\u00f3 Galli y lo concreto es que el pr\u00f3ximo lunes comienza la licitaci\u00f3n para acceder a una vivienda. Ese mismo lunes empieza tambi\u00e9n, la construcci\u00f3n de las viviendas.<\/p><\/blockquote>\n<p>&nbsp;<\/p>\n<p>Explicaron que habr\u00e1 dos caracter\u00edsticas excluyentes: por un lado, <strong>estar inscripto en el Registro de Demanda Habitacional y tener ingresos de entre 4 y 8 Salarios M\u00ednimos Vitales y M\u00f3viles para las primeras viviendas, entre 3 y 8 para las segundas, las industrializadas.<\/strong><\/p>\n<p>&nbsp;<\/p>\n<p>Para<strong> la primera licitaci\u00f3n se deber\u00e1 presentar un m\u00ednimo de 970 mil pesos (el valor tasado del terreno) y en caso de ganar con el m\u00ednimo, las cuotas ser\u00e1n de 33 mil pesos.<\/strong> Para que una familia inscripta pueda licitar, deber\u00e1 tener ingresos de al menos 97 mil pesos.<\/p>\n<p>&nbsp;<\/p>\n<blockquote><p>Un dato que se aclar\u00f3 es que los ingresos percibidos cuentan de todos los integrante de la familia, no s\u00f3lo de la persona inscripta en el Registro de Demanda Habitacional.<\/p><\/blockquote>\n<p>&nbsp;<\/p>\n<p>Desde<strong> el lunes comenzar\u00e1 la adhesi\u00f3n al programa y la posibilidad de licitar por una vivienda tradicional, mientras que en julio ser\u00e1 la licitaci\u00f3n para las prefabricadas<\/strong>. A inicios de agosto, entre el 2 y el 4 se realizar\u00e1 la apertura de sobres y el 6 del mismo mes, se conocer\u00e1n los adjudicatarios de las primeras 40 viviendas del Programa TU.VI.<\/p>\n<p>&nbsp;<\/p>\n<p><span style=\"text-decoration: underline;\"><strong>\u00bfC\u00f3mo ser\u00e1n las viviendas?<\/strong><\/span><\/p>\n<p>&nbsp;<\/p>\n<p><img data-recalc-dims=\"1\" loading=\"lazy\" decoding=\"async\" class=\"alignnone size-full wp-image-25044\" src=\"https:\/\/i0.wp.com\/cdnoticias.com\/wp-content\/uploads\/2021\/06\/WhatsApp-Image-2021-06-26-at-10.33.17.jpeg?resize=800%2C533&#038;ssl=1\" alt=\"\" width=\"800\" height=\"533\" srcset=\"https:\/\/i0.wp.com\/cdnoticias.com\/wp-content\/uploads\/2021\/06\/WhatsApp-Image-2021-06-26-at-10.33.17.jpeg?w=1280&amp;ssl=1 1280w, https:\/\/i0.wp.com\/cdnoticias.com\/wp-content\/uploads\/2021\/06\/WhatsApp-Image-2021-06-26-at-10.33.17.jpeg?resize=300%2C200&amp;ssl=1 300w, https:\/\/i0.wp.com\/cdnoticias.com\/wp-content\/uploads\/2021\/06\/WhatsApp-Image-2021-06-26-at-10.33.17.jpeg?resize=768%2C512&amp;ssl=1 768w, https:\/\/i0.wp.com\/cdnoticias.com\/wp-content\/uploads\/2021\/06\/WhatsApp-Image-2021-06-26-at-10.33.17.jpeg?resize=1024%2C682&amp;ssl=1 1024w, https:\/\/i0.wp.com\/cdnoticias.com\/wp-content\/uploads\/2021\/06\/WhatsApp-Image-2021-06-26-at-10.33.17.jpeg?resize=272%2C182&amp;ssl=1 272w\" sizes=\"auto, (max-width: 800px) 100vw, 800px\" \/><\/p>\n<p>&nbsp;<\/p>\n<p>El secretario Julio Ferraro explic\u00f3 que<strong> tendr\u00e1n 45m2 de extensi\u00f3n, con una cocina-comedor, dos habitaciones y un ba\u00f1o<em>.<\/em><\/strong><em> \u201cDecidimos que sean viviendas con caracter\u00edsticas simples y con la posibilidad concreta de poder expandirla a una tercera habitaci\u00f3n y crecer tanto hacia delante como a uno de los costados\u201d.<\/em> <strong>La ubicaci\u00f3n en el terreno permitir\u00e1 esas extensiones.<\/strong><\/p>\n<p>&nbsp;<\/p>\n<p>El techo ser\u00e1 <em>\u201cde un agua de chapa, lo m\u00e1s simple para aquellos que quieran sumar habitaciones no tengan complicaciones\u201d.<\/em><\/p>\n<p>&nbsp;<\/p>\n<p><img data-recalc-dims=\"1\" loading=\"lazy\" decoding=\"async\" class=\"alignnone size-full wp-image-25042\" src=\"https:\/\/i0.wp.com\/cdnoticias.com\/wp-content\/uploads\/2021\/06\/WhatsApp-Image-2021-06-26-at-10.33.19.jpeg?resize=800%2C533&#038;ssl=1\" alt=\"\" width=\"800\" height=\"533\" srcset=\"https:\/\/i0.wp.com\/cdnoticias.com\/wp-content\/uploads\/2021\/06\/WhatsApp-Image-2021-06-26-at-10.33.19.jpeg?w=1280&amp;ssl=1 1280w, https:\/\/i0.wp.com\/cdnoticias.com\/wp-content\/uploads\/2021\/06\/WhatsApp-Image-2021-06-26-at-10.33.19.jpeg?resize=300%2C200&amp;ssl=1 300w, https:\/\/i0.wp.com\/cdnoticias.com\/wp-content\/uploads\/2021\/06\/WhatsApp-Image-2021-06-26-at-10.33.19.jpeg?resize=768%2C512&amp;ssl=1 768w, https:\/\/i0.wp.com\/cdnoticias.com\/wp-content\/uploads\/2021\/06\/WhatsApp-Image-2021-06-26-at-10.33.19.jpeg?resize=1024%2C682&amp;ssl=1 1024w, https:\/\/i0.wp.com\/cdnoticias.com\/wp-content\/uploads\/2021\/06\/WhatsApp-Image-2021-06-26-at-10.33.19.jpeg?resize=272%2C182&amp;ssl=1 272w\" sizes=\"auto, (max-width: 800px) 100vw, 800px\" \/><\/p>\n<p>&nbsp;<\/p>\n<p>Adem\u00e1s, <strong>el barrio cuenta con todos los servicios b\u00e1sicos excepto cloacas, que el Intendente aclar\u00f3 que por el momento no se podr\u00e1n realizar<\/strong> dado <em>\u201cque no se construy\u00f3 el colector norte, una vez realizada esa obra podremos extender la red de cloacas y avanzar en los servicios\u201d.<\/em><\/p>\n<p>&nbsp;<\/p>\n<p>En un apartado se valor\u00f3<em> \u201cla importancia de la mano de obra local y la compra de materiales en empresas locales\u201d.<\/em> <strong>La obra se realizar\u00e1 con fondos municipales y generar\u00e1 puestos de trabajo para 60 personas (trabajadores de Visan Ingenier\u00eda) sumado a los corralones y los puestos de trabajo indirecto de empresas de servicios tales como aberturas y dem\u00e1s.<\/strong><\/p>\n","protected":false},"excerpt":{"rendered":"<p>El lunes comienzan los trabajos, que durar\u00e1n 18 meses. Ser\u00e1n 20 viviendas tradicionales y otras 20 \u201cindustrializadas\u201d. La inscripci\u00f3n en<\/p>\n","protected":false},"author":5,"featured_media":25039,"comment_status":"closed","ping_status":"closed","sticky":false,"template":"","format":"standard","meta":{"_jetpack_memberships_contains_paid_content":false,"footnotes":""},"categories":[5,1],"tags":[],"class_list":["post-25034","post","type-post","status-publish","format-standard","has-post-thumbnail","hentry","category-informacion-general","category-portada"],"jetpack_featured_media_url":"https:\/\/i0.wp.com\/cdnoticias.com\/wp-content\/uploads\/2021\/06\/WhatsApp-Image-2021-06-26-at-10.33.21.jpeg?fit=1280%2C853&ssl=1","jetpack_sharing_enabled":true,"_links":{"self":[{"href":"https:\/\/cdnoticias.com\/index.php\/wp-json\/wp\/v2\/posts\/25034","targetHints":{"allow":["GET"]}}],"collection":[{"href":"https:\/\/cdnoticias.com\/index.php\/wp-json\/wp\/v2\/posts"}],"about":[{"href":"https:\/\/cdnoticias.com\/index.php\/wp-json\/wp\/v2\/types\/post"}],"author":[{"embeddable":true,"href":"https:\/\/cdnoticias.com\/index.php\/wp-json\/wp\/v2\/users\/5"}],"replies":[{"embeddable":true,"href":"https:\/\/cdnoticias.com\/index.php\/wp-json\/wp\/v2\/comments?post=25034"}],"version-history":[{"count":0,"href":"https:\/\/cdnoticias.com\/index.php\/wp-json\/wp\/v2\/posts\/25034\/revisions"}],"wp:featuredmedia":[{"embeddable":true,"href":"https:\/\/cdnoticias.com\/index.php\/wp-json\/wp\/v2\/media\/25039"}],"wp:attachment":[{"href":"https:\/\/cdnoticias.com\/index.php\/wp-json\/wp\/v2\/media?parent=25034"}],"wp:term":[{"taxonomy":"category","embeddable":true,"href":"https:\/\/cdnoticias.com\/index.php\/wp-json\/wp\/v2\/categories?post=25034"},{"taxonomy":"post_tag","embeddable":true,"href":"https:\/\/cdnoticias.com\/index.php\/wp-json\/wp\/v2\/tags?post=25034"}],"curies":[{"name":"wp","href":"https:\/\/api.w.org\/{rel}","templated":true}]}}