{"id":25020,"date":"2021-06-25T21:04:54","date_gmt":"2021-06-26T00:04:54","guid":{"rendered":"http:\/\/www.centraldenoticias.com.ar\/?p=25020"},"modified":"2021-06-26T08:53:10","modified_gmt":"2021-06-26T11:53:10","slug":"comienza-la-vacunacion-libre-para-mayores-de-50-anos-en-olavarria","status":"publish","type":"post","link":"https:\/\/cdnoticias.com\/index.php\/2021\/06\/25\/comienza-la-vacunacion-libre-para-mayores-de-50-anos-en-olavarria\/","title":{"rendered":"Comienza la vacunaci\u00f3n libre para mayores de 50 a\u00f1os en Olavarr\u00eda"},"content":{"rendered":"<p>Ser\u00e1 desde este s\u00e1bado. Se podr\u00e1n acercar a cualquiera de las postas sanitarias para recibir la primera dosis de la vacuna contra el Covid. Deber\u00e1n concurrir con el DNI.<!--more--><\/p>\n<hr \/>\n<p>A partir de este s\u00e1bado se llevar\u00e1 a cabo en nuestra ciudad la vacunaci\u00f3n libre para mayores de 50 a\u00f1os. La novedad fue <a href=\"https:\/\/cdnoticias.com\/index.php\/2021\/06\/25\/la-vacunacion-de-primeras-dosis-sera-libre-para-mayores-de-50-anos-y-embarazadas\/\" target=\"_blank\" rel=\"noopener\">confirmada durante la jornada de este viernes por el gobernador Axel Kicillof.<\/a><\/p>\n<p>&nbsp;<\/p>\n<p>De esta forma, desde este s\u00e1bado quienes deseen vacunarse contra el Covid d<strong>eber\u00e1n presentar su documento de identidad que acredite que son mayores de 50 a\u00f1os y tengan residencia en la Provincia de Buenos Aires.<\/strong><\/p>\n<p>&nbsp;<\/p>\n<p>Los vecinos y vecinas podr\u00e1n acercarse a cualquiera de las postas de vacunaci\u00f3n que se encuentran en nuestra ciudad.<\/p>\n<p>&nbsp;<\/p>\n<p><img data-recalc-dims=\"1\" loading=\"lazy\" decoding=\"async\" class=\"alignnone size-full wp-image-24912\" src=\"https:\/\/i0.wp.com\/cdnoticias.com\/wp-content\/uploads\/2021\/06\/WhatsApp-Image-2021-06-24-at-19.56.03.jpeg?resize=800%2C491&#038;ssl=1\" alt=\"\" width=\"800\" height=\"491\" srcset=\"https:\/\/i0.wp.com\/cdnoticias.com\/wp-content\/uploads\/2021\/06\/WhatsApp-Image-2021-06-24-at-19.56.03.jpeg?w=1280&amp;ssl=1 1280w, https:\/\/i0.wp.com\/cdnoticias.com\/wp-content\/uploads\/2021\/06\/WhatsApp-Image-2021-06-24-at-19.56.03.jpeg?resize=300%2C184&amp;ssl=1 300w, https:\/\/i0.wp.com\/cdnoticias.com\/wp-content\/uploads\/2021\/06\/WhatsApp-Image-2021-06-24-at-19.56.03.jpeg?resize=768%2C471&amp;ssl=1 768w, https:\/\/i0.wp.com\/cdnoticias.com\/wp-content\/uploads\/2021\/06\/WhatsApp-Image-2021-06-24-at-19.56.03.jpeg?resize=1024%2C628&amp;ssl=1 1024w\" sizes=\"auto, (max-width: 800px) 100vw, 800px\" \/><\/p>\n<p>&nbsp;<\/p>\n<p>Por otra parte, desde Regi\u00f3n Sanitaria IV se inform\u00f3 que en Olavarr\u00eda <strong>este viernes se aplicaron 344 dosis.<\/strong><\/p>\n<p>&nbsp;<\/p>\n<p>Seg\u00fan los datos aportados, el <strong>Centro Cultural Universitario vacun\u00f3 a 104 personas, el Servicio Territorial 2 a 108, la mutual Carlos Alberto Moreno a 14 y la Facultad de Ciencias de la Salud a 118.<\/strong> En todas las postas se aplic\u00f3 el primer componente.<\/p>\n","protected":false},"excerpt":{"rendered":"<p>Ser\u00e1 desde este s\u00e1bado. Se podr\u00e1n acercar a cualquiera de las postas sanitarias para recibir la primera dosis de la<\/p>\n","protected":false},"author":5,"featured_media":25023,"comment_status":"closed","ping_status":"closed","sticky":false,"template":"","format":"standard","meta":{"_jetpack_memberships_contains_paid_content":false,"footnotes":""},"categories":[16,1],"tags":[],"class_list":["post-25020","post","type-post","status-publish","format-standard","has-post-thumbnail","hentry","category-covid-19","category-portada"],"jetpack_featured_media_url":"https:\/\/i0.wp.com\/cdnoticias.com\/wp-content\/uploads\/2021\/06\/WhatsApp-Image-2021-06-19-at-20.02.33-3.jpeg?fit=1280%2C786&ssl=1","jetpack_sharing_enabled":true,"_links":{"self":[{"href":"https:\/\/cdnoticias.com\/index.php\/wp-json\/wp\/v2\/posts\/25020","targetHints":{"allow":["GET"]}}],"collection":[{"href":"https:\/\/cdnoticias.com\/index.php\/wp-json\/wp\/v2\/posts"}],"about":[{"href":"https:\/\/cdnoticias.com\/index.php\/wp-json\/wp\/v2\/types\/post"}],"author":[{"embeddable":true,"href":"https:\/\/cdnoticias.com\/index.php\/wp-json\/wp\/v2\/users\/5"}],"replies":[{"embeddable":true,"href":"https:\/\/cdnoticias.com\/index.php\/wp-json\/wp\/v2\/comments?post=25020"}],"version-history":[{"count":0,"href":"https:\/\/cdnoticias.com\/index.php\/wp-json\/wp\/v2\/posts\/25020\/revisions"}],"wp:featuredmedia":[{"embeddable":true,"href":"https:\/\/cdnoticias.com\/index.php\/wp-json\/wp\/v2\/media\/25023"}],"wp:attachment":[{"href":"https:\/\/cdnoticias.com\/index.php\/wp-json\/wp\/v2\/media?parent=25020"}],"wp:term":[{"taxonomy":"category","embeddable":true,"href":"https:\/\/cdnoticias.com\/index.php\/wp-json\/wp\/v2\/categories?post=25020"},{"taxonomy":"post_tag","embeddable":true,"href":"https:\/\/cdnoticias.com\/index.php\/wp-json\/wp\/v2\/tags?post=25020"}],"curies":[{"name":"wp","href":"https:\/\/api.w.org\/{rel}","templated":true}]}}