{"id":25007,"date":"2021-06-25T20:08:59","date_gmt":"2021-06-25T23:08:59","guid":{"rendered":"http:\/\/www.centraldenoticias.com.ar\/?p=25007"},"modified":"2021-06-25T21:05:18","modified_gmt":"2021-06-26T00:05:18","slug":"lluvia-frio-como-estara-el-clima-durante-el-fin-de-semana","status":"publish","type":"post","link":"https:\/\/cdnoticias.com\/index.php\/2021\/06\/25\/lluvia-frio-como-estara-el-clima-durante-el-fin-de-semana\/","title":{"rendered":"\u00bfLluvia? \u00bfFr\u00edo? C\u00f3mo estar\u00e1 el clima durante el fin de semana"},"content":{"rendered":"<p>\u00bfSeguir\u00e1n las precipitaciones o vuelve el fr\u00edo? o \u00bfambas?. Las respuestas a c\u00f3mo seguir\u00e1 el tiempo en la siguiente nota.<!--more--><\/p>\n<hr \/>\n<p>En materia clim\u00e1tica, los \u00faltimos d\u00edas tenido de todo. Fr\u00edo, lluvia e inclusive sol. Con el arribo del fin de semana, crece la atenci\u00f3n acerca de c\u00f3mo seguir\u00e1 el clima para poder ver qu\u00e9 tipo de actividades podr\u00e1n llevarse a cabo. <strong>Aqu\u00ed los datos, seg\u00fan el pron\u00f3stico del Servicio Meteorol\u00f3gico Nacional.<\/strong><\/p>\n<p>&nbsp;<\/p>\n<p>Para lo que resta del viernes las previsiones no son muy alentadoras, ya que <strong>seguir\u00eda inestable y con lluvias, precipitaciones que se prolongar\u00edan inclusive durante la madrugada del s\u00e1bado.<\/strong><\/p>\n<p>&nbsp;<\/p>\n<blockquote><p>Este viernes la m\u00ednima de 2.7 grados a las 4.10 de la madrugada, mientras que la m\u00e1xima fue de 13.7 a las 13.30, seg\u00fan los datos divulgados desde la Estaci\u00f3n Meteorol\u00f3gica local.<\/p><\/blockquote>\n<p>&nbsp;<\/p>\n<p>Afortunadamente, para el resto del s\u00e1bado no se anticipan precipitaciones, pero <strong>la temperatura m\u00e1xima trepar\u00e1 apenas a los 12 grados, por lo que se espera una jornada fr\u00eda, con una m\u00ednima de 4 grados durante la noche<\/strong>.<\/p>\n<p>&nbsp;<\/p>\n<p>El domingo la atenci\u00f3n estar\u00e1 en lo que suceda durante la madrugada, ya que se anticipan<strong> fuertes vientos, con r\u00e1fagas de hasta 50 kil\u00f3metros por hora<\/strong>. Si bien hay probabilidad de precipitaciones durante la tarde y noche, la posibilidad fue estimada con un porcentaje bajo. Asimismo, seguir\u00e1 el fr\u00edo, ya que <strong>la m\u00e1xima ser\u00e1 solo de 10 grados, con una m\u00ednima en los 2 grados durante la ma\u00f1ana y 3 en la noche.<\/strong><\/p>\n","protected":false},"excerpt":{"rendered":"<p>\u00bfSeguir\u00e1n las precipitaciones o vuelve el fr\u00edo? o \u00bfambas?. Las respuestas a c\u00f3mo seguir\u00e1 el tiempo en la siguiente nota.<\/p>\n","protected":false},"author":3,"featured_media":25008,"comment_status":"closed","ping_status":"closed","sticky":false,"template":"","format":"standard","meta":{"_jetpack_memberships_contains_paid_content":false,"footnotes":""},"categories":[5,1],"tags":[],"class_list":["post-25007","post","type-post","status-publish","format-standard","has-post-thumbnail","hentry","category-informacion-general","category-portada"],"jetpack_featured_media_url":"https:\/\/i0.wp.com\/cdnoticias.com\/wp-content\/uploads\/2021\/06\/pronostico.jpg?fit=800%2C445&ssl=1","jetpack_sharing_enabled":true,"_links":{"self":[{"href":"https:\/\/cdnoticias.com\/index.php\/wp-json\/wp\/v2\/posts\/25007","targetHints":{"allow":["GET"]}}],"collection":[{"href":"https:\/\/cdnoticias.com\/index.php\/wp-json\/wp\/v2\/posts"}],"about":[{"href":"https:\/\/cdnoticias.com\/index.php\/wp-json\/wp\/v2\/types\/post"}],"author":[{"embeddable":true,"href":"https:\/\/cdnoticias.com\/index.php\/wp-json\/wp\/v2\/users\/3"}],"replies":[{"embeddable":true,"href":"https:\/\/cdnoticias.com\/index.php\/wp-json\/wp\/v2\/comments?post=25007"}],"version-history":[{"count":0,"href":"https:\/\/cdnoticias.com\/index.php\/wp-json\/wp\/v2\/posts\/25007\/revisions"}],"wp:featuredmedia":[{"embeddable":true,"href":"https:\/\/cdnoticias.com\/index.php\/wp-json\/wp\/v2\/media\/25008"}],"wp:attachment":[{"href":"https:\/\/cdnoticias.com\/index.php\/wp-json\/wp\/v2\/media?parent=25007"}],"wp:term":[{"taxonomy":"category","embeddable":true,"href":"https:\/\/cdnoticias.com\/index.php\/wp-json\/wp\/v2\/categories?post=25007"},{"taxonomy":"post_tag","embeddable":true,"href":"https:\/\/cdnoticias.com\/index.php\/wp-json\/wp\/v2\/tags?post=25007"}],"curies":[{"name":"wp","href":"https:\/\/api.w.org\/{rel}","templated":true}]}}