{"id":25004,"date":"2021-06-25T18:21:06","date_gmt":"2021-06-25T21:21:06","guid":{"rendered":"http:\/\/www.centraldenoticias.com.ar\/?p=25004"},"modified":"2021-06-25T20:09:22","modified_gmt":"2021-06-25T23:09:22","slug":"secuestro-de-evidencia-digital-en-la-causa-por-el-homicidio-de-un-hombre-de-49-anos","status":"publish","type":"post","link":"https:\/\/cdnoticias.com\/index.php\/2021\/06\/25\/secuestro-de-evidencia-digital-en-la-causa-por-el-homicidio-de-un-hombre-de-49-anos\/","title":{"rendered":"Secuestro de \u201cevidencia digital\u201d en la causa por el homicidio de un hombre de 49 a\u00f1os"},"content":{"rendered":"<p>El caso se registr\u00f3 a inicios de mes y el \u00fanico acusado por el hecho es el hijo de la v\u00edctima, quien d\u00edas atr\u00e1s fue excarcelado. Se incautaron numerosos elementos de inter\u00e9s probatorio.<!--more--><\/p>\n<hr \/>\n<p>En la jornada de este viernes personal de la SubDDI local llev\u00f3 adelante cuatro allanamientos, que se enmarcaron en la investigaci\u00f3n por <a href=\"https:\/\/cdnoticias.com\/index.php\/2021\/06\/04\/un-hombre-fue-asesinado-en-el-barrio-carlos-pellegrini\/\" target=\"_blank\" rel=\"noopener\">un violento episodio que a inicios de mes se registr\u00f3 en el barrio Carlos Pellegrini<\/a>, lugar donde un hombre de 49 a\u00f1os muri\u00f3 a ra\u00edz de las heridas con un \u201celemento punzocortante\u201d, episodio en el que <a href=\"https:\/\/cdnoticias.com\/index.php\/2021\/06\/04\/hay-un-aprehendido-por-el-homicidio-del-barrio-carlos-pellegrini\/\" target=\"_blank\" rel=\"noopener\">el \u00fanico acusado es el hijo de la v\u00edctima<\/a>.<\/p>\n<p>&nbsp;<\/p>\n<p>De acuerdo con lo que se logr\u00f3 conocer, <strong>cuatro domicilios particulares del casco urbano local fueron el objetivo de las pesquisas, que permitieron \u201cresultados positivos para la investigaci\u00f3n\u201d<\/strong>, seg\u00fan se precis\u00f3 desde la SubDDI local en un comunicado en el que se adjunt\u00f3 una imagen en la que puede verse el secuestro de una CPU y una notebook, adem\u00e1s de tel\u00e9fonos celulares y tablets.<\/p>\n<p>&nbsp;<\/p>\n<p><strong>\u201cEvidencias digitales\u201d fue la forma en la que los investigadores definieron y explicaron el secuestro de cada uno de esos artefactos<\/strong>, que en las pr\u00f3ximas horas ser\u00e1n sometidos a diversas medidas de prueba. La directiva hab\u00eda sido emitida por la fiscal de la causa, la doctora Viviana Beyt\u00eda, de la fiscal\u00eda especializada en Violencia Familiar y de G\u00e9nero (UFI 5).<\/p>\n<p>&nbsp;<\/p>\n<p>Vale recordar que<strong> el hecho se registr\u00f3 el \u00faltimo viernes 4 del corriente mes sobre Ant\u00e1rtida Argentina al 4900, lugar donde Marcelo Fabi\u00e1n Iriarte, de 49 a\u00f1os, recibi\u00f3 un puntazo a la altura del pecho que le ocasion\u00f3 la muerte momentos m\u00e1s tarde<\/strong>. El \u00fanico acusado por el hecho es su hijo, quien fue excarcelado horas m\u00e1s tarde en una resoluci\u00f3n emitida por el juez de Garant\u00edas Carlos Villamar\u00edn.<\/p>\n","protected":false},"excerpt":{"rendered":"<p>El caso se registr\u00f3 a inicios de mes y el \u00fanico acusado por el hecho es el hijo de la<\/p>\n","protected":false},"author":3,"featured_media":25005,"comment_status":"closed","ping_status":"closed","sticky":false,"template":"","format":"standard","meta":{"_jetpack_memberships_contains_paid_content":false,"footnotes":""},"categories":[14,1],"tags":[],"class_list":["post-25004","post","type-post","status-publish","format-standard","has-post-thumbnail","hentry","category-policiales","category-portada"],"jetpack_featured_media_url":"https:\/\/i0.wp.com\/cdnoticias.com\/wp-content\/uploads\/2021\/06\/subddi.jpg?fit=800%2C445&ssl=1","jetpack_sharing_enabled":true,"_links":{"self":[{"href":"https:\/\/cdnoticias.com\/index.php\/wp-json\/wp\/v2\/posts\/25004","targetHints":{"allow":["GET"]}}],"collection":[{"href":"https:\/\/cdnoticias.com\/index.php\/wp-json\/wp\/v2\/posts"}],"about":[{"href":"https:\/\/cdnoticias.com\/index.php\/wp-json\/wp\/v2\/types\/post"}],"author":[{"embeddable":true,"href":"https:\/\/cdnoticias.com\/index.php\/wp-json\/wp\/v2\/users\/3"}],"replies":[{"embeddable":true,"href":"https:\/\/cdnoticias.com\/index.php\/wp-json\/wp\/v2\/comments?post=25004"}],"version-history":[{"count":0,"href":"https:\/\/cdnoticias.com\/index.php\/wp-json\/wp\/v2\/posts\/25004\/revisions"}],"wp:featuredmedia":[{"embeddable":true,"href":"https:\/\/cdnoticias.com\/index.php\/wp-json\/wp\/v2\/media\/25005"}],"wp:attachment":[{"href":"https:\/\/cdnoticias.com\/index.php\/wp-json\/wp\/v2\/media?parent=25004"}],"wp:term":[{"taxonomy":"category","embeddable":true,"href":"https:\/\/cdnoticias.com\/index.php\/wp-json\/wp\/v2\/categories?post=25004"},{"taxonomy":"post_tag","embeddable":true,"href":"https:\/\/cdnoticias.com\/index.php\/wp-json\/wp\/v2\/tags?post=25004"}],"curies":[{"name":"wp","href":"https:\/\/api.w.org\/{rel}","templated":true}]}}