{"id":25002,"date":"2021-06-26T10:06:08","date_gmt":"2021-06-26T13:06:08","guid":{"rendered":"http:\/\/www.centraldenoticias.com.ar\/?p=25002"},"modified":"2021-06-26T11:29:56","modified_gmt":"2021-06-26T14:29:56","slug":"hogar-de-ninas-san-jose-los-numeros-no-nos-cierran-de-ninguna-manera","status":"publish","type":"post","link":"https:\/\/cdnoticias.com\/index.php\/2021\/06\/26\/hogar-de-ninas-san-jose-los-numeros-no-nos-cierran-de-ninguna-manera\/","title":{"rendered":"Hogar de Ni\u00f1as San Jos\u00e9: \u201cLos n\u00fameros no nos cierran de ninguna manera\u201d"},"content":{"rendered":"<p>As\u00ed explic\u00f3 la situaci\u00f3n de la instituci\u00f3n local su directora, Ana Spinella, en una entrevista con La Ma\u00f1ana de Radio Universidad.<!--more--><\/p>\n<hr \/>\n<p><strong>\u201cNo queremos cansar a la comunidad, pero hemos decidido que todos los meses vamos a hacer algo para recaudar fondos\u201d<\/strong>. De esa manera Ana Spinella, directora del Hogar de Ni\u00f1as San Jos\u00e9, explic\u00f3 cu\u00e1l ha sido la postura que tomaron desde la reconocida instituci\u00f3n local para hacerle frente a la delicada situaci\u00f3n econ\u00f3mica que vienen atravesando.<\/p>\n<p>&nbsp;<\/p>\n<p><iframe loading=\"lazy\" style=\"border: none; overflow: hidden;\" src=\"https:\/\/www.facebook.com\/plugins\/post.php?href=https%3A%2F%2Fwww.facebook.com%2Fpermalink.php%3Fstory_fbid%3D914270455798627%26id%3D103682146857466&amp;show_text=true&amp;width=500\" width=\"500\" height=\"797\" frameborder=\"0\" scrolling=\"no\" allowfullscreen=\"allowfullscreen\"><\/iframe><\/p>\n<p>&nbsp;<\/p>\n<p><a href=\"https:\/\/cdnoticias.com\/index.php\/2021\/06\/24\/de-continuar-esta-situacion-la-supervivencia-del-hogar-peligra\/\" target=\"_blank\" rel=\"noopener\">La situaci\u00f3n qued\u00f3 expuesta en las \u00faltimas horas a trav\u00e9s de una serie de publicaciones en las redes sociales<\/a>. \u201cFue un poco para agradecer tanta amabilidad de la comunidad de Olavarr\u00eda en cuanto a donaciones, y por otro lado explicar que nuestra situaci\u00f3n econ\u00f3mico financiera no hab\u00eda variado desde un a\u00f1o a esta parte\u201d, expres\u00f3 Spinella en cuanto al escrito que fue acompa\u00f1ado por im\u00e1genes en las que pod\u00eda verse la alacena de la entidad llena de mercader\u00eda.<\/p>\n<p>&nbsp;<\/p>\n<p><strong>\u201cComestibles tenemos para mucho tiempo, el dinero es lo que m\u00e1s nos hace falta\u201d, sintetiz\u00f3 en la continuidad de una entrevista brindada al programa La Ma\u00f1ana de Radio Universidad FM 90.1<\/strong>. \u201cEl gasto fijo que tenemos es un\u00a0 gasto alto, de m\u00e1s de 600 mil pesos. Con esto de que reci\u00e9n se abre el Bingo nuevamente, que es quien nos coopera con un porcentaje mensual, y que las becas de las ni\u00f1as que siguen siendo cobradas sin el aumento, los n\u00fameros no nos cierran de ninguna manera\u201d, complet\u00f3.<\/p>\n<p>&nbsp;<\/p>\n<p><iframe id=\"audio_71931988\" style=\"width: 100%;\" src=\"https:\/\/www.ivoox.com\/player_ej_71931988_6_1.html\" height=\"200\" frameborder=\"0\" scrolling=\"no\" allowfullscreen=\"allowfullscreen\"><\/iframe><\/p>\n<p>&nbsp;<\/p>\n<p>Fue en ese marco que explic\u00f3 la decisi\u00f3n de <strong>\u201ctodos los meses vamos a hacer algo para recaudar fondos\u201d<\/strong>. Inclusive, agreg\u00f3 que tambi\u00e9n<strong> \u201cvamos a visitar gente como para que nos d\u00e9 una ayuda econ\u00f3mica hasta tanto se regularice nuestra situaci\u00f3n\u201d<\/strong>. En ese sentido, el primer evento ser\u00e1 el pr\u00f3ximo 9 de Julio, ocasi\u00f3n en la que realizar\u00e1n una venta de locro, tarea en la que contar\u00e1n con el aporte y acompa\u00f1amiento del Regimiento local. Aquellos interesados en reservar su porci\u00f3n ya pueden encargarla a trav\u00e9s de las redes sociales, tanto en <a href=\"https:\/\/www.facebook.com\/Hogar-de-ni%C3%B1as-San-Jos%C3%A9-103682146857466\" target=\"_blank\" rel=\"noopener\">Facebook<\/a> como en <a href=\"http:\/\/@sanjosehogar.olavarria\" target=\"_blank\" rel=\"noopener\">Instagram<\/a>.<\/p>\n<p>&nbsp;<\/p>\n<p><strong>\u201cEn agosto vamos a hacer un streaming\u201d<\/strong>, revel\u00f3 mientras refer\u00eda la participaci\u00f3n de artistas locales. En la ocasi\u00f3n habr\u00e1n sorteos que permitir\u00e1n generar diversos ingresos a la entidad.<strong> Un bono donaci\u00f3n y venta de pizzas ser\u00e1n las actividades que se pondr\u00e1n en marcha durante los meses venideros.<\/strong><\/p>\n<p>&nbsp;<\/p>\n<p><iframe loading=\"lazy\" style=\"border: none; overflow: hidden;\" src=\"https:\/\/www.facebook.com\/plugins\/post.php?href=https%3A%2F%2Fwww.facebook.com%2Fpermalink.php%3Fstory_fbid%3D915510995674573%26id%3D103682146857466&amp;show_text=true&amp;width=500\" width=\"500\" height=\"615\" frameborder=\"0\" scrolling=\"no\" allowfullscreen=\"allowfullscreen\"><\/iframe><\/p>\n<p>&nbsp;<\/p>\n<p>Por \u00faltimo, tambi\u00e9n agreg\u00f3 que se encuentra disponible una cuenta en el Banco Provincia para poder hacer transferencias,<strong> \u201cpor m\u00ednima que sea, todo ayuda\u201d, concluy\u00f3.<\/strong><\/p>\n","protected":false},"excerpt":{"rendered":"<p>As\u00ed explic\u00f3 la situaci\u00f3n de la instituci\u00f3n local su directora, Ana Spinella, en una entrevista con La Ma\u00f1ana de Radio<\/p>\n","protected":false},"author":3,"featured_media":24892,"comment_status":"closed","ping_status":"closed","sticky":false,"template":"","format":"standard","meta":{"_jetpack_memberships_contains_paid_content":false,"footnotes":""},"categories":[5,1],"tags":[],"class_list":["post-25002","post","type-post","status-publish","format-standard","has-post-thumbnail","hentry","category-informacion-general","category-portada"],"jetpack_featured_media_url":"https:\/\/i0.wp.com\/cdnoticias.com\/wp-content\/uploads\/2021\/06\/17951610_103683533523994_9124957351283056846_n.jpg?fit=960%2C960&ssl=1","jetpack_sharing_enabled":true,"_links":{"self":[{"href":"https:\/\/cdnoticias.com\/index.php\/wp-json\/wp\/v2\/posts\/25002","targetHints":{"allow":["GET"]}}],"collection":[{"href":"https:\/\/cdnoticias.com\/index.php\/wp-json\/wp\/v2\/posts"}],"about":[{"href":"https:\/\/cdnoticias.com\/index.php\/wp-json\/wp\/v2\/types\/post"}],"author":[{"embeddable":true,"href":"https:\/\/cdnoticias.com\/index.php\/wp-json\/wp\/v2\/users\/3"}],"replies":[{"embeddable":true,"href":"https:\/\/cdnoticias.com\/index.php\/wp-json\/wp\/v2\/comments?post=25002"}],"version-history":[{"count":0,"href":"https:\/\/cdnoticias.com\/index.php\/wp-json\/wp\/v2\/posts\/25002\/revisions"}],"wp:featuredmedia":[{"embeddable":true,"href":"https:\/\/cdnoticias.com\/index.php\/wp-json\/wp\/v2\/media\/24892"}],"wp:attachment":[{"href":"https:\/\/cdnoticias.com\/index.php\/wp-json\/wp\/v2\/media?parent=25002"}],"wp:term":[{"taxonomy":"category","embeddable":true,"href":"https:\/\/cdnoticias.com\/index.php\/wp-json\/wp\/v2\/categories?post=25002"},{"taxonomy":"post_tag","embeddable":true,"href":"https:\/\/cdnoticias.com\/index.php\/wp-json\/wp\/v2\/tags?post=25002"}],"curies":[{"name":"wp","href":"https:\/\/api.w.org\/{rel}","templated":true}]}}