{"id":25000,"date":"2021-06-26T15:00:13","date_gmt":"2021-06-26T18:00:13","guid":{"rendered":"http:\/\/www.centraldenoticias.com.ar\/?p=25000"},"modified":"2021-06-26T18:42:52","modified_gmt":"2021-06-26T21:42:52","slug":"marcelo-maqueda-el-racismo-nos-afecta-a-todxs","status":"publish","type":"post","link":"https:\/\/cdnoticias.com\/index.php\/2021\/06\/26\/marcelo-maqueda-el-racismo-nos-afecta-a-todxs\/","title":{"rendered":"Marcelo Maqueda: \u201cEl racismo nos afecta a todxs\u201d"},"content":{"rendered":"<p>El Coordinador Nacional del INADI habl\u00f3 con Central de Noticias sobre la problem\u00e1tica estructural del racismo y la visi\u00f3n del organismo sobre este tema.\u00a0<!--more--><\/p>\n<hr \/>\n<p>Este viernes se inaugur\u00f3 oficialmente la oficina de INADI en Olavarr\u00eda que funcionar\u00e1 en el edificio de IOMA, ubicado en Independencia y Belgrano. Durante el encuentro se conoci\u00f3 que Norberto Almeida ser\u00e1 el nuevo titular de la entidad.<\/p>\n<p>&nbsp;<\/p>\n<p>Entre los presentes estuvo el<strong> Coordinador Nacional del INADI, Marcelo Maqueda<\/strong> quien dialog\u00f3 con <em>Central de Noticias<\/em> e hizo especial hincapi\u00e9 en analizar el racismo como un problema que afecta a las mayor\u00edas.<\/p>\n<p>&nbsp;<\/p>\n<p><em>\u201cDesde que asumimos la gesti\u00f3n, lo primero que hizo Victoria Donda fue establecer el problema del racismo como un <strong>problema de mayor\u00edas<\/strong> porque la visi\u00f3n que se ten\u00eda desde el organismo hasta ese entonces era que la discriminaci\u00f3n, o el racismo, o la xenofobia, era un problema de nichos\u201d<\/em>, resalt\u00f3 Maqueda.<\/p>\n<p>&nbsp;<\/p>\n<blockquote><p>\u201cNosotros lo que decimos es que el racismo nos afecta a todxs, y afecta a las mayor\u00edas. A partir de ah\u00ed cambia la l\u00ednea pol\u00edtica con la cual vos afrontas el problema\u201d.<\/p><\/blockquote>\n<p>&nbsp;<\/p>\n<p>El funcionario explic\u00f3 que<strong><em> \u201cla sociedad argentina est\u00e1 cruzada por un problema de racismo estructural\u201d.<\/em><\/strong> En ese sentido, y como una de las l\u00edneas de trabajo recientemente se present\u00f3 la <strong>Comisi\u00f3n para el Reconocimiento Hist\u00f3rico de la Comunidad Afroargentina<\/strong> con el fin de <em>\u201creconocer nuestra historia, reconocer qui\u00e9nes somos, de d\u00f3nde venimos y qu\u00e9 pas\u00f3 en el medio tambi\u00e9n\u201d.<\/em><\/p>\n<p>&nbsp;<\/p>\n<blockquote><p>\u201cHay una matriz colonial que tiene que ver con que todo lo negro es malo y todo lo blanco es bueno\u201d.<\/p><\/blockquote>\n<p>&nbsp;<\/p>\n<p>Maqueda se\u00f1al\u00f3 que<em> \u201cnos encontramos con un camino que no te digo que empieza hoy porque ser\u00eda desconocer el trabajo de un mont\u00f3n de compa\u00f1eros y compa\u00f1eras, sino que lo que hicimos fue poner sobre la mesa que el problema es de mayor\u00edas y no de minor\u00edas\u201d.<\/em><\/p>\n<p>&nbsp;<\/p>\n<p><strong>\u00bfC\u00f3mo se advierte esta premisa? F\u00e1cil, observando.<\/strong> <em>\u201cBasta con salir a la calle y observar que la mayor\u00eda de la poblaci\u00f3n es de tez morena, oscura, negra, como le quieras llamar, y te das cuenta de que es un problema que claramente afecta a las mayor\u00edas\u201d.<\/em><\/p>\n<p>&nbsp;<\/p>\n<p><img data-recalc-dims=\"1\" loading=\"lazy\" decoding=\"async\" class=\"alignnone size-full wp-image-24972\" src=\"https:\/\/i0.wp.com\/cdnoticias.com\/wp-content\/uploads\/2021\/06\/inadi-acto1.jpg?resize=800%2C445&#038;ssl=1\" alt=\"\" width=\"800\" height=\"445\" srcset=\"https:\/\/i0.wp.com\/cdnoticias.com\/wp-content\/uploads\/2021\/06\/inadi-acto1.jpg?w=1222&amp;ssl=1 1222w, https:\/\/i0.wp.com\/cdnoticias.com\/wp-content\/uploads\/2021\/06\/inadi-acto1.jpg?resize=300%2C167&amp;ssl=1 300w, https:\/\/i0.wp.com\/cdnoticias.com\/wp-content\/uploads\/2021\/06\/inadi-acto1.jpg?resize=768%2C427&amp;ssl=1 768w, https:\/\/i0.wp.com\/cdnoticias.com\/wp-content\/uploads\/2021\/06\/inadi-acto1.jpg?resize=1024%2C569&amp;ssl=1 1024w, https:\/\/i0.wp.com\/cdnoticias.com\/wp-content\/uploads\/2021\/06\/inadi-acto1.jpg?resize=800%2C445&amp;ssl=1 800w\" sizes=\"auto, (max-width: 800px) 100vw, 800px\" \/><\/p>\n<p>&nbsp;<\/p>\n<p><strong>Cupo laboral trans y trabajo en territorio<\/strong><\/p>\n<p>&nbsp;<\/p>\n<p>El Coordinador Nacional del INADI celebr\u00f3 la sanci\u00f3n de la Ley de Cupo Laboral Trans.<em> \u201cVenimos trabajando con el colectivo LGBT hist\u00f3ricamente desde el INADI. Saludamos y acompa\u00f1amos la ley que afortunadamente se sancion\u00f3. En buena hora forma parte de esta ampliaci\u00f3n de derechos, de acercar derechos a la gente, a todas las poblaciones que por alguna cuesti\u00f3n u otra ven limitado el acceso al trabajo\u201d.<\/em><\/p>\n<p>Asimismo, destac\u00f3 la importancia de poder tener representaci\u00f3n institucional en todos los municipios. <em>\u201cA veces eso se complejiza por los mismos recursos\u201d,<\/em> pero en estos casos el INADI lleva adelante<strong> pol\u00edticas de articulaci\u00f3n y de enlaces<\/strong> para capacitar a los trabajadores y trabajadoras de cada municipio para que ellos puedan atender y contener una eventual demanda de la poblaci\u00f3n.<\/p>\n<p>&nbsp;<\/p>\n<p><em>\u201cEn la medida que todas, todos y todxs tomemos consciencia de cu\u00e1les son los problemas que tiene la sociedad a partir de la discriminaci\u00f3n y a partir del racismo estructural, vamos a ser un pa\u00eds m\u00e1s justo y m\u00e1s inclusivo\u201d<\/em>, concluy\u00f3.<\/p>\n","protected":false},"excerpt":{"rendered":"<p>El Coordinador Nacional del INADI habl\u00f3 con Central de Noticias sobre la problem\u00e1tica estructural del racismo y la visi\u00f3n del<\/p>\n","protected":false},"author":5,"featured_media":24971,"comment_status":"closed","ping_status":"closed","sticky":false,"template":"","format":"standard","meta":{"_jetpack_memberships_contains_paid_content":false,"footnotes":""},"categories":[5,1],"tags":[],"class_list":["post-25000","post","type-post","status-publish","format-standard","has-post-thumbnail","hentry","category-informacion-general","category-portada"],"jetpack_featured_media_url":"https:\/\/i0.wp.com\/cdnoticias.com\/wp-content\/uploads\/2021\/06\/inadi-acto.jpg?fit=1040%2C579&ssl=1","jetpack_sharing_enabled":true,"_links":{"self":[{"href":"https:\/\/cdnoticias.com\/index.php\/wp-json\/wp\/v2\/posts\/25000","targetHints":{"allow":["GET"]}}],"collection":[{"href":"https:\/\/cdnoticias.com\/index.php\/wp-json\/wp\/v2\/posts"}],"about":[{"href":"https:\/\/cdnoticias.com\/index.php\/wp-json\/wp\/v2\/types\/post"}],"author":[{"embeddable":true,"href":"https:\/\/cdnoticias.com\/index.php\/wp-json\/wp\/v2\/users\/5"}],"replies":[{"embeddable":true,"href":"https:\/\/cdnoticias.com\/index.php\/wp-json\/wp\/v2\/comments?post=25000"}],"version-history":[{"count":0,"href":"https:\/\/cdnoticias.com\/index.php\/wp-json\/wp\/v2\/posts\/25000\/revisions"}],"wp:featuredmedia":[{"embeddable":true,"href":"https:\/\/cdnoticias.com\/index.php\/wp-json\/wp\/v2\/media\/24971"}],"wp:attachment":[{"href":"https:\/\/cdnoticias.com\/index.php\/wp-json\/wp\/v2\/media?parent=25000"}],"wp:term":[{"taxonomy":"category","embeddable":true,"href":"https:\/\/cdnoticias.com\/index.php\/wp-json\/wp\/v2\/categories?post=25000"},{"taxonomy":"post_tag","embeddable":true,"href":"https:\/\/cdnoticias.com\/index.php\/wp-json\/wp\/v2\/tags?post=25000"}],"curies":[{"name":"wp","href":"https:\/\/api.w.org\/{rel}","templated":true}]}}