{"id":24998,"date":"2021-06-27T08:49:14","date_gmt":"2021-06-27T11:49:14","guid":{"rendered":"http:\/\/www.centraldenoticias.com.ar\/?p=24998"},"modified":"2021-06-27T10:02:16","modified_gmt":"2021-06-27T13:02:16","slug":"la-feria-de-verduras-estara-este-domingo-en-dos-sociedades-de-fomento-locales","status":"publish","type":"post","link":"https:\/\/cdnoticias.com\/index.php\/2021\/06\/27\/la-feria-de-verduras-estara-este-domingo-en-dos-sociedades-de-fomento-locales\/","title":{"rendered":"La Feria de Verduras estar\u00e1 este domingo en dos Sociedades de Fomento locales"},"content":{"rendered":"<p>Ser\u00e1 tanto en la Independencia como en la del barrio Villa Mail\u00edn. <strong>Los detalles.<\/strong><!--more--><\/p>\n<hr \/>\n<p>En la ma\u00f1ana de este domingo las Ferias de Verduras del MTE rural abrir\u00e1n sus puertas en dos sociedades de Fomento de nuestra ciudad. <strong>\u201cDebido a la excelente respuesta de los vecinos de Olavarr\u00eda a las ferias, seguiremos durante los meses de invierno y sumamos algunas verduras m\u00e1s para que puedas encontrar todo en un solo lugar\u201d<\/strong>, enfatizaron los organizadores.<\/p>\n<p>&nbsp;<\/p>\n<p>\u201cLa feria acerca a productores y consumidores de forma directa y se transforma en un espacio de intercambio entre el campo y la ciudad\u201d, se enfatiz\u00f3 a medida que daba cuenta que<strong> todo ser\u00e1 desde las 10 y hasta las 13,30.<\/strong><\/p>\n<p>&nbsp;<\/p>\n<p><img data-recalc-dims=\"1\" loading=\"lazy\" decoding=\"async\" class=\"alignnone size-large wp-image-15524\" src=\"https:\/\/i0.wp.com\/cdnoticias.com\/wp-content\/uploads\/2021\/03\/IMG-20210228-WA0032.jpg?resize=800%2C450&#038;ssl=1\" alt=\"\" width=\"800\" height=\"450\" srcset=\"https:\/\/i0.wp.com\/cdnoticias.com\/wp-content\/uploads\/2021\/03\/IMG-20210228-WA0032.jpg?resize=1024%2C576&amp;ssl=1 1024w, https:\/\/i0.wp.com\/cdnoticias.com\/wp-content\/uploads\/2021\/03\/IMG-20210228-WA0032.jpg?resize=300%2C169&amp;ssl=1 300w, https:\/\/i0.wp.com\/cdnoticias.com\/wp-content\/uploads\/2021\/03\/IMG-20210228-WA0032.jpg?resize=768%2C432&amp;ssl=1 768w, https:\/\/i0.wp.com\/cdnoticias.com\/wp-content\/uploads\/2021\/03\/IMG-20210228-WA0032.jpg?w=1280&amp;ssl=1 1280w\" sizes=\"auto, (max-width: 800px) 100vw, 800px\" \/><\/p>\n<p>&nbsp;<\/p>\n<p>Los interesados podr\u00e1n acercarse a la <strong>Sociedad de Fomento Independencia, sobre Tacuar\u00ed al 2100, o en la Sociedad de Fomento Villa Mail\u00edn, en la esquina de Corrientes y Pelegrino.<\/strong><\/p>\n<p>&nbsp;<\/p>\n<p>Por \u00faltimo, se agradeci\u00f3 \u201ca las Instituciones que brindan sus espacios y <strong>convocamos a vecinos a que propongan lugares para realizar las Ferias en sus\u00a0 barrios, sociedades de fomento, o localidad\u201d.<\/strong><\/p>\n","protected":false},"excerpt":{"rendered":"<p>Ser\u00e1 tanto en la Independencia como en la del barrio Villa Mail\u00edn. Los detalles.<\/p>\n","protected":false},"author":3,"featured_media":21035,"comment_status":"closed","ping_status":"closed","sticky":false,"template":"","format":"standard","meta":{"_jetpack_memberships_contains_paid_content":false,"footnotes":""},"categories":[5,1],"tags":[],"class_list":["post-24998","post","type-post","status-publish","format-standard","has-post-thumbnail","hentry","category-informacion-general","category-portada"],"jetpack_featured_media_url":"https:\/\/i0.wp.com\/cdnoticias.com\/wp-content\/uploads\/2021\/05\/feriadeverduras00.jpg?fit=800%2C445&ssl=1","jetpack_sharing_enabled":true,"_links":{"self":[{"href":"https:\/\/cdnoticias.com\/index.php\/wp-json\/wp\/v2\/posts\/24998","targetHints":{"allow":["GET"]}}],"collection":[{"href":"https:\/\/cdnoticias.com\/index.php\/wp-json\/wp\/v2\/posts"}],"about":[{"href":"https:\/\/cdnoticias.com\/index.php\/wp-json\/wp\/v2\/types\/post"}],"author":[{"embeddable":true,"href":"https:\/\/cdnoticias.com\/index.php\/wp-json\/wp\/v2\/users\/3"}],"replies":[{"embeddable":true,"href":"https:\/\/cdnoticias.com\/index.php\/wp-json\/wp\/v2\/comments?post=24998"}],"version-history":[{"count":0,"href":"https:\/\/cdnoticias.com\/index.php\/wp-json\/wp\/v2\/posts\/24998\/revisions"}],"wp:featuredmedia":[{"embeddable":true,"href":"https:\/\/cdnoticias.com\/index.php\/wp-json\/wp\/v2\/media\/21035"}],"wp:attachment":[{"href":"https:\/\/cdnoticias.com\/index.php\/wp-json\/wp\/v2\/media?parent=24998"}],"wp:term":[{"taxonomy":"category","embeddable":true,"href":"https:\/\/cdnoticias.com\/index.php\/wp-json\/wp\/v2\/categories?post=24998"},{"taxonomy":"post_tag","embeddable":true,"href":"https:\/\/cdnoticias.com\/index.php\/wp-json\/wp\/v2\/tags?post=24998"}],"curies":[{"name":"wp","href":"https:\/\/api.w.org\/{rel}","templated":true}]}}