{"id":24995,"date":"2021-06-25T15:00:47","date_gmt":"2021-06-25T18:00:47","guid":{"rendered":"http:\/\/www.centraldenoticias.com.ar\/?p=24995"},"modified":"2021-06-25T17:25:29","modified_gmt":"2021-06-25T20:25:29","slug":"un-corte-electrico-afectara-un-sector-del-microcentro","status":"publish","type":"post","link":"https:\/\/cdnoticias.com\/index.php\/2021\/06\/25\/un-corte-electrico-afectara-un-sector-del-microcentro\/","title":{"rendered":"Un corte el\u00e9ctrico afectar\u00e1 a un sector del microcentro"},"content":{"rendered":"<p>Ser\u00e1 durante el inicio de la ma\u00f1ana de este domingo, por tareas de mantenimiento de Coopelectric.<!--more--><\/p>\n<hr \/>\n<p>Desde Coopelectric se inform\u00f3 que durante m\u00e1s de dos horas se ver\u00e1 interrumpido el servicio el\u00e9ctrico<strong> durante la ma\u00f1ana del pr\u00f3ximo domingo, por tareas de mantenimiento programadas.<\/strong><\/p>\n<p>&nbsp;<\/p>\n<p>Se detall\u00f3 que ser\u00e1 <strong>desde las 7.30 hasta las 10 y afectar\u00e1 el sector comprendido por las calles Belgrano, Sargento Cabral, 25 de Mayo y avenida Pringles.<\/strong><\/p>\n<p>&nbsp;<\/p>\n<p>&nbsp;<\/p>\n<p>&nbsp;<\/p>\n","protected":false},"excerpt":{"rendered":"<p>Ser\u00e1 durante el inicio de la ma\u00f1ana de este domingo, por tareas de mantenimiento de Coopelectric.<\/p>\n","protected":false},"author":3,"featured_media":6841,"comment_status":"closed","ping_status":"closed","sticky":false,"template":"","format":"standard","meta":{"_jetpack_memberships_contains_paid_content":false,"footnotes":""},"categories":[5,1],"tags":[],"class_list":["post-24995","post","type-post","status-publish","format-standard","has-post-thumbnail","hentry","category-informacion-general","category-portada"],"jetpack_featured_media_url":"https:\/\/i0.wp.com\/cdnoticias.com\/wp-content\/uploads\/2020\/11\/01-Tareas-Alimentador-N%C2%B0-1.jpg?fit=1365%2C768&ssl=1","jetpack_sharing_enabled":true,"_links":{"self":[{"href":"https:\/\/cdnoticias.com\/index.php\/wp-json\/wp\/v2\/posts\/24995","targetHints":{"allow":["GET"]}}],"collection":[{"href":"https:\/\/cdnoticias.com\/index.php\/wp-json\/wp\/v2\/posts"}],"about":[{"href":"https:\/\/cdnoticias.com\/index.php\/wp-json\/wp\/v2\/types\/post"}],"author":[{"embeddable":true,"href":"https:\/\/cdnoticias.com\/index.php\/wp-json\/wp\/v2\/users\/3"}],"replies":[{"embeddable":true,"href":"https:\/\/cdnoticias.com\/index.php\/wp-json\/wp\/v2\/comments?post=24995"}],"version-history":[{"count":0,"href":"https:\/\/cdnoticias.com\/index.php\/wp-json\/wp\/v2\/posts\/24995\/revisions"}],"wp:featuredmedia":[{"embeddable":true,"href":"https:\/\/cdnoticias.com\/index.php\/wp-json\/wp\/v2\/media\/6841"}],"wp:attachment":[{"href":"https:\/\/cdnoticias.com\/index.php\/wp-json\/wp\/v2\/media?parent=24995"}],"wp:term":[{"taxonomy":"category","embeddable":true,"href":"https:\/\/cdnoticias.com\/index.php\/wp-json\/wp\/v2\/categories?post=24995"},{"taxonomy":"post_tag","embeddable":true,"href":"https:\/\/cdnoticias.com\/index.php\/wp-json\/wp\/v2\/tags?post=24995"}],"curies":[{"name":"wp","href":"https:\/\/api.w.org\/{rel}","templated":true}]}}