{"id":24993,"date":"2021-06-25T16:44:21","date_gmt":"2021-06-25T19:44:21","guid":{"rendered":"http:\/\/www.centraldenoticias.com.ar\/?p=24993"},"modified":"2021-06-25T16:44:21","modified_gmt":"2021-06-25T19:44:21","slug":"emilce-fanny-dimenna-viuda-de-falabella-q-e-p-d","status":"publish","type":"post","link":"https:\/\/cdnoticias.com\/index.php\/2021\/06\/25\/emilce-fanny-dimenna-viuda-de-falabella-q-e-p-d\/","title":{"rendered":"Emilce Fanny Dimenna viuda de Falabella (Q.E.P.D.)"},"content":{"rendered":"<p>Falleci\u00f3 en Olavarr\u00eda el d\u00eda 25 de Junio de 2021 a los 91 a\u00f1os de edad. Sus hijos Graciela, Luis Mar\u00eda (Tatin) y Carla, sus hijos pol\u00edticos Julio, Cesar y Vanesa, su hermana Rosa, sus nietos Natalia, Paula, Juan Manuel, Josefina y Juana, sus bisnietos Sol, Milagros, Luka y Justo, sus sobrinos y dem\u00e1s deudos participan su fallecimiento.<\/p>\n<p>&nbsp;<\/p>\n<p>No se realiza velatorio. Sus restos ser\u00e1n cremados en fecha a confirmar. Servicio adherido a Coopelectric.<\/p>\n<p>&nbsp;<\/p>\n<p>Nacida en Lober\u00eda, vecina del Microcentro. Jubilada y Pensionada.<\/p>\n<p>&nbsp;<\/p>\n<p>&nbsp;<\/p>\n","protected":false},"excerpt":{"rendered":"<p>Falleci\u00f3 en Olavarr\u00eda el d\u00eda 25 de Junio de 2021 a los 91 a\u00f1os de edad. Sus hijos Graciela, Luis<\/p>\n","protected":false},"author":3,"featured_media":0,"comment_status":"closed","ping_status":"closed","sticky":false,"template":"","format":"standard","meta":{"_jetpack_memberships_contains_paid_content":false,"footnotes":""},"categories":[10],"tags":[],"class_list":["post-24993","post","type-post","status-publish","format-standard","hentry","category-necrologicas"],"jetpack_featured_media_url":"","jetpack_sharing_enabled":true,"_links":{"self":[{"href":"https:\/\/cdnoticias.com\/index.php\/wp-json\/wp\/v2\/posts\/24993","targetHints":{"allow":["GET"]}}],"collection":[{"href":"https:\/\/cdnoticias.com\/index.php\/wp-json\/wp\/v2\/posts"}],"about":[{"href":"https:\/\/cdnoticias.com\/index.php\/wp-json\/wp\/v2\/types\/post"}],"author":[{"embeddable":true,"href":"https:\/\/cdnoticias.com\/index.php\/wp-json\/wp\/v2\/users\/3"}],"replies":[{"embeddable":true,"href":"https:\/\/cdnoticias.com\/index.php\/wp-json\/wp\/v2\/comments?post=24993"}],"version-history":[{"count":0,"href":"https:\/\/cdnoticias.com\/index.php\/wp-json\/wp\/v2\/posts\/24993\/revisions"}],"wp:attachment":[{"href":"https:\/\/cdnoticias.com\/index.php\/wp-json\/wp\/v2\/media?parent=24993"}],"wp:term":[{"taxonomy":"category","embeddable":true,"href":"https:\/\/cdnoticias.com\/index.php\/wp-json\/wp\/v2\/categories?post=24993"},{"taxonomy":"post_tag","embeddable":true,"href":"https:\/\/cdnoticias.com\/index.php\/wp-json\/wp\/v2\/tags?post=24993"}],"curies":[{"name":"wp","href":"https:\/\/api.w.org\/{rel}","templated":true}]}}