{"id":24975,"date":"2021-06-27T17:59:49","date_gmt":"2021-06-27T20:59:49","guid":{"rendered":"http:\/\/www.centraldenoticias.com.ar\/?p=24975"},"modified":"2021-06-27T17:59:49","modified_gmt":"2021-06-27T20:59:49","slug":"charla-abierta-para-evitar-caer-en-estafas-virtuales-y-uso-responsable-de-redes-sociales","status":"publish","type":"post","link":"https:\/\/cdnoticias.com\/index.php\/2021\/06\/27\/charla-abierta-para-evitar-caer-en-estafas-virtuales-y-uso-responsable-de-redes-sociales\/","title":{"rendered":"Charla abierta para \u201cevitar caer en estafas virtuales y uso responsable de redes sociales\u201d"},"content":{"rendered":"<p>Ser\u00e1 a trav\u00e9s de la plataforma Zoom y ser\u00e1 encabezada por el fiscal Lucas Moyano y el consultor en medios digitales Sebasti\u00e1n Magallanes.<!--more--><\/p>\n<hr \/>\n<p><strong>\u201cC\u00f3mo evitar caer en estafas virtuales y uso responsable de redes sociales\u201d<\/strong>. Ese es el nombre de una charla que se llevar\u00e1 a cabo en la tarde del pr\u00f3ximo mi\u00e9rcoles, en una invitaci\u00f3n abierta a toda la comunidad.<\/p>\n<p>&nbsp;<\/p>\n<blockquote><p>Los interesados podr\u00e1n registrarse completando <a href=\"https:\/\/forms.gle\/DYcCW7tTqHEeRtRNA\" target=\"_blank\" rel=\"noopener\">un formulario virtual<\/a>\u00a0o comunic\u00e1ndose v\u00eda Whatsapp al 2284 269208<\/p><\/blockquote>\n<p>&nbsp;<\/p>\n<p>&nbsp;<\/p>\n<p><strong>La misma ser\u00e1 a trav\u00e9s de la plataforma Zoom a partir de las 19<\/strong> y ser\u00e1 encabezada por el fiscal Lucas Moyano, a cargo de la UFI 22, especializada en ciberdelitos y Sebasti\u00e1n Magallanes, quien trabaja como periodista y consultor en medios digitales.<\/p>\n<p>&nbsp;<\/p>\n<p>De acuerdo con lo que se precis\u00f3, <strong>\u201cdurante la charla se abordaran los detalles de las estafas virtuales en plataformas digitales, cu\u00e1les son las formas de evitarlas, c\u00f3mo actuar frente a una situaci\u00f3n sospechosa, y cu\u00e1les son las medidas que se pueden trabajar desde lo judicial\u201d<\/strong>.<\/p>\n","protected":false},"excerpt":{"rendered":"<p>Ser\u00e1 a trav\u00e9s de la plataforma Zoom y ser\u00e1 encabezada por el fiscal Lucas Moyano y el consultor en medios<\/p>\n","protected":false},"author":3,"featured_media":24976,"comment_status":"closed","ping_status":"closed","sticky":false,"template":"","format":"standard","meta":{"_jetpack_memberships_contains_paid_content":false,"footnotes":""},"categories":[5,1],"tags":[],"class_list":["post-24975","post","type-post","status-publish","format-standard","has-post-thumbnail","hentry","category-informacion-general","category-portada"],"jetpack_featured_media_url":"https:\/\/i0.wp.com\/cdnoticias.com\/wp-content\/uploads\/2021\/06\/charla-zoom.jpg?fit=800%2C445&ssl=1","jetpack_sharing_enabled":true,"_links":{"self":[{"href":"https:\/\/cdnoticias.com\/index.php\/wp-json\/wp\/v2\/posts\/24975","targetHints":{"allow":["GET"]}}],"collection":[{"href":"https:\/\/cdnoticias.com\/index.php\/wp-json\/wp\/v2\/posts"}],"about":[{"href":"https:\/\/cdnoticias.com\/index.php\/wp-json\/wp\/v2\/types\/post"}],"author":[{"embeddable":true,"href":"https:\/\/cdnoticias.com\/index.php\/wp-json\/wp\/v2\/users\/3"}],"replies":[{"embeddable":true,"href":"https:\/\/cdnoticias.com\/index.php\/wp-json\/wp\/v2\/comments?post=24975"}],"version-history":[{"count":0,"href":"https:\/\/cdnoticias.com\/index.php\/wp-json\/wp\/v2\/posts\/24975\/revisions"}],"wp:featuredmedia":[{"embeddable":true,"href":"https:\/\/cdnoticias.com\/index.php\/wp-json\/wp\/v2\/media\/24976"}],"wp:attachment":[{"href":"https:\/\/cdnoticias.com\/index.php\/wp-json\/wp\/v2\/media?parent=24975"}],"wp:term":[{"taxonomy":"category","embeddable":true,"href":"https:\/\/cdnoticias.com\/index.php\/wp-json\/wp\/v2\/categories?post=24975"},{"taxonomy":"post_tag","embeddable":true,"href":"https:\/\/cdnoticias.com\/index.php\/wp-json\/wp\/v2\/tags?post=24975"}],"curies":[{"name":"wp","href":"https:\/\/api.w.org\/{rel}","templated":true}]}}