{"id":24967,"date":"2021-06-25T13:42:22","date_gmt":"2021-06-25T16:42:22","guid":{"rendered":"http:\/\/www.centraldenoticias.com.ar\/?p=24967"},"modified":"2021-06-25T13:42:22","modified_gmt":"2021-06-25T16:42:22","slug":"con-el-titular-de-la-empresa-se-reunio-la-comision-de-transporte-interurbano","status":"publish","type":"post","link":"https:\/\/cdnoticias.com\/index.php\/2021\/06\/25\/con-el-titular-de-la-empresa-se-reunio-la-comision-de-transporte-interurbano\/","title":{"rendered":"Con el titular de la empresa, se reuni\u00f3 la Comisi\u00f3n de Transporte Interurbano"},"content":{"rendered":"<p>Fue en la ma\u00f1ana de este viernes, en el Palacio San Mart\u00edn. Estuvo presente el titular del actual concesionario del transporte interurbano, Ramiro Di Giano.\u00a0<!--more--><\/p>\n<hr \/>\n<p>En la ma\u00f1ana de este viernes el Subsecretario de Gobierno Emilio Vitale encabez\u00f3 en<strong> el Sal\u00f3n Blanco del palacio San Mart\u00edn una nueva reuni\u00f3n de la Comisi\u00f3n Ad Hoc de Transporte Interurbano.<\/strong><\/p>\n<p>&nbsp;<\/p>\n<p>Participaron tambi\u00e9n el Director Administrativo Enzo Russo, los concejales Eduardo Rodr\u00edguez, Nicol\u00e1s Marinangeli y Mart\u00edn Lastape y el actual concesionario del transporte interurbano Ramiro Di Giano.<\/p>\n<p>&nbsp;<\/p>\n<p>Durante el transcurso del encuentro, el propio <strong>Di Giano explic\u00f3 que se arrib\u00f3 a un acuerdo vinculado a los subsidios entre las empresas de transporte del interior del pa\u00eds y el Ministerio de Transporte de la Naci\u00f3n<\/strong> que desembolsar\u00e1 ocho mil millones de pesos.<\/p>\n<p>&nbsp;<\/p>\n<p>En este sentido, Emilio Vitale indic\u00f3 que<strong><em> \u201ctodos los que formamos parte de la reuni\u00f3n coincidimos que sin el aporte de los subsidios nacionales y provinciales se dificulta la prestaci\u00f3n normal del servicio\u201d.<\/em><\/strong><\/p>\n<p>&nbsp;<\/p>\n<p>Por otra parte, Vitale explic\u00f3 que acordaron que el nuevo pliego <em><strong>\u201ccontemple un instrumento de Emergencia que permita readecuar el servicio<\/strong> si as\u00ed se lo requiera como sucede actualmente con el Covid-19, donde las frecuencias se vieron modificadas por el sistema de fases aplicado por el gobierno provincial\u201d.<\/em><\/p>\n","protected":false},"excerpt":{"rendered":"<p>Fue en la ma\u00f1ana de este viernes, en el Palacio San Mart\u00edn. Estuvo presente el titular del actual concesionario del<\/p>\n","protected":false},"author":4,"featured_media":24968,"comment_status":"closed","ping_status":"closed","sticky":false,"template":"","format":"standard","meta":{"_jetpack_memberships_contains_paid_content":false,"footnotes":""},"categories":[5,1],"tags":[],"class_list":["post-24967","post","type-post","status-publish","format-standard","has-post-thumbnail","hentry","category-informacion-general","category-portada"],"jetpack_featured_media_url":"https:\/\/i0.wp.com\/cdnoticias.com\/wp-content\/uploads\/2021\/06\/comtransporte-1024x704.jpg?fit=1024%2C704&ssl=1","jetpack_sharing_enabled":true,"_links":{"self":[{"href":"https:\/\/cdnoticias.com\/index.php\/wp-json\/wp\/v2\/posts\/24967","targetHints":{"allow":["GET"]}}],"collection":[{"href":"https:\/\/cdnoticias.com\/index.php\/wp-json\/wp\/v2\/posts"}],"about":[{"href":"https:\/\/cdnoticias.com\/index.php\/wp-json\/wp\/v2\/types\/post"}],"author":[{"embeddable":true,"href":"https:\/\/cdnoticias.com\/index.php\/wp-json\/wp\/v2\/users\/4"}],"replies":[{"embeddable":true,"href":"https:\/\/cdnoticias.com\/index.php\/wp-json\/wp\/v2\/comments?post=24967"}],"version-history":[{"count":0,"href":"https:\/\/cdnoticias.com\/index.php\/wp-json\/wp\/v2\/posts\/24967\/revisions"}],"wp:featuredmedia":[{"embeddable":true,"href":"https:\/\/cdnoticias.com\/index.php\/wp-json\/wp\/v2\/media\/24968"}],"wp:attachment":[{"href":"https:\/\/cdnoticias.com\/index.php\/wp-json\/wp\/v2\/media?parent=24967"}],"wp:term":[{"taxonomy":"category","embeddable":true,"href":"https:\/\/cdnoticias.com\/index.php\/wp-json\/wp\/v2\/categories?post=24967"},{"taxonomy":"post_tag","embeddable":true,"href":"https:\/\/cdnoticias.com\/index.php\/wp-json\/wp\/v2\/tags?post=24967"}],"curies":[{"name":"wp","href":"https:\/\/api.w.org\/{rel}","templated":true}]}}