{"id":24956,"date":"2021-06-25T12:11:39","date_gmt":"2021-06-25T15:11:39","guid":{"rendered":"http:\/\/www.centraldenoticias.com.ar\/?p=24956"},"modified":"2021-06-25T12:11:39","modified_gmt":"2021-06-25T15:11:39","slug":"la-evaluacion-no-es-positiva-porque-nunca-quisimos-que-se-usurpe-el-predio","status":"publish","type":"post","link":"https:\/\/cdnoticias.com\/index.php\/2021\/06\/25\/la-evaluacion-no-es-positiva-porque-nunca-quisimos-que-se-usurpe-el-predio\/","title":{"rendered":"\u201cLa evaluaci\u00f3n no es positiva porque nunca quisimos que se usurpe el predio\u201d"},"content":{"rendered":"<p>El Secretario de Desarrollo Humano Diego Robbiani estuvo presente en el desalojo y valor\u00f3 que se desarroll\u00f3 de forma pac\u00edfica. \u201cEsto es algo que no estamos acostumbrados en Olavarr\u00eda\u201d dijo y coment\u00f3 la situaci\u00f3n de las familias con las que se acord\u00f3 una salida.\u00a0<!--more--><\/p>\n<hr \/>\n<p>Tras el desalojo en el predio ubicado en el barrio Lourdes, el secretario de Desarrollo Humano, <strong>Diego Robbiani, dialog\u00f3 con Central de Noticias y realiz\u00f3 un balance no s\u00f3lo del procedimiento policial, sino tambi\u00e9n de todo el proceso que comenz\u00f3 hace meses con la toma de tierras en el lugar.<\/strong><\/p>\n<p>&nbsp;<\/p>\n<p>En primera instancia, Robbiani se\u00f1al\u00f3 que <strong><em>\u201cla evaluaci\u00f3n no es positiva claramente porque nunca quisimos que se usurpe el predio\u201d.<\/em><\/strong> En este sentido, se valor\u00f3 <em>\u201cel trabajo a partir de la comisi\u00f3n del hecho muy importante del lado de la Justicia, del Municipio, Provincia y hemos charlado con los vecinos para que por lo menos hoy el desalojo sea pac\u00edfico, no haya gente en el lugar\u201d.<\/em><\/p>\n<p>&nbsp;<\/p>\n<p><img data-recalc-dims=\"1\" loading=\"lazy\" decoding=\"async\" class=\"alignnone size-full wp-image-24944\" src=\"https:\/\/i0.wp.com\/cdnoticias.com\/wp-content\/uploads\/2021\/06\/desalojo-barrio-lourdes-01.jpg?resize=800%2C444&#038;ssl=1\" alt=\"\" width=\"800\" height=\"444\" srcset=\"https:\/\/i0.wp.com\/cdnoticias.com\/wp-content\/uploads\/2021\/06\/desalojo-barrio-lourdes-01.jpg?w=800&amp;ssl=1 800w, https:\/\/i0.wp.com\/cdnoticias.com\/wp-content\/uploads\/2021\/06\/desalojo-barrio-lourdes-01.jpg?resize=300%2C167&amp;ssl=1 300w, https:\/\/i0.wp.com\/cdnoticias.com\/wp-content\/uploads\/2021\/06\/desalojo-barrio-lourdes-01.jpg?resize=768%2C426&amp;ssl=1 768w\" sizes=\"auto, (max-width: 800px) 100vw, 800px\" \/><\/p>\n<p>&nbsp;<\/p>\n<blockquote><p>En este sentido, indic\u00f3 que \u201clamentablemente tuvimos que vivir esta situaci\u00f3n, algo que no estamos acostumbrados en Olavarr\u00eda, que ocurre porque hay un problema hist\u00f3rico en la ciudad y esperemos que vayamos solucionandolo tiempo a tiempo\u201d.<\/p><\/blockquote>\n<p>&nbsp;<\/p>\n<p>Con respecto al operativo de este viernes, Robbiani se\u00f1al\u00f3 que<em> \u201cel fiscal se hizo presente temprano, verific\u00f3 que no hab\u00eda nadie en el predio, ven\u00edamos trabajando para eso, y <strong>a partir de esa verificaci\u00f3n y la orden del Juez de Garant\u00edas orden\u00f3 el desalojo y nos entreg\u00f3 el predio al Municipio<\/strong>\u201d.<\/em><\/p>\n<p>&nbsp;<\/p>\n<p>Tras ello, <em>\u201clas m\u00e1quinas trabajaron para dejar el predio inutilizado, la verdad que es un lugar que no se puede levantar edificaciones, es bajo, de desag\u00fce en la ciudad. Ahora vamos a trabajar con Obras P\u00fablicas para dejarlo inutilizado&#8221;<\/em> insisti\u00f3, reiterando la postura de la comuna desde el inicio del conflicto.<\/p>\n<p>&nbsp;<\/p>\n<p><img data-recalc-dims=\"1\" loading=\"lazy\" decoding=\"async\" class=\"alignnone size-full wp-image-24948\" src=\"https:\/\/i0.wp.com\/cdnoticias.com\/wp-content\/uploads\/2021\/06\/desalojo-barrio-lourdes-05.jpg?resize=800%2C450&#038;ssl=1\" alt=\"\" width=\"800\" height=\"450\" srcset=\"https:\/\/i0.wp.com\/cdnoticias.com\/wp-content\/uploads\/2021\/06\/desalojo-barrio-lourdes-05.jpg?w=800&amp;ssl=1 800w, https:\/\/i0.wp.com\/cdnoticias.com\/wp-content\/uploads\/2021\/06\/desalojo-barrio-lourdes-05.jpg?resize=300%2C169&amp;ssl=1 300w, https:\/\/i0.wp.com\/cdnoticias.com\/wp-content\/uploads\/2021\/06\/desalojo-barrio-lourdes-05.jpg?resize=768%2C432&amp;ssl=1 768w\" sizes=\"auto, (max-width: 800px) 100vw, 800px\" \/><\/p>\n<p>&nbsp;<\/p>\n<blockquote><p>Admiti\u00f3, por su parte, que \u201cno es necesario vallar el lugar\u201d y \u201cObras P\u00fablicas determinar\u00e1 c\u00f3mo se trabaja en ese sentido\u201d.<\/p><\/blockquote>\n<p>&nbsp;<\/p>\n<p>Las 12 familias que participaron de la mesa de trabajo propuesta por la Defensor\u00eda del Pueblo, seg\u00fan el funcionario municipal,<em> \u201cse hizo un evaluaci\u00f3n de Desarrollo Social y Regularizaci\u00f3n Dominial,<strong> algunas familias avanzaron con entrega de materiales, entrega de terrenos pero esto sigue<\/strong>: hubo un censo mucho m\u00e1s grande y en la medida que podamos tener tierras responder a la demanda habitacional de la ciudad\u201d.<\/em><\/p>\n<p>&nbsp;<\/p>\n<p><em><strong>\u201cNunca vamos a avalar el delito de una toma como herramienta de presi\u00f3n para poder entregar cosas.<\/strong> Venimos haci\u00e9ndolo con un orden de prioridades, de acuerdo a las necesidades de la familia, y de acuerdo a lo que se necesite, iremos entregando material, y si se necesita terreno veremos c\u00f3mo trabajamos, siempre priorizando la extrema vulnerabilidad\u201d<\/em> cerr\u00f3.<\/p>\n","protected":false},"excerpt":{"rendered":"<p>El Secretario de Desarrollo Humano Diego Robbiani estuvo presente en el desalojo y valor\u00f3 que se desarroll\u00f3 de forma pac\u00edfica.<\/p>\n","protected":false},"author":2,"featured_media":24940,"comment_status":"closed","ping_status":"closed","sticky":false,"template":"","format":"standard","meta":{"_jetpack_memberships_contains_paid_content":false,"footnotes":""},"categories":[5,1],"tags":[],"class_list":["post-24956","post","type-post","status-publish","format-standard","has-post-thumbnail","hentry","category-informacion-general","category-portada"],"jetpack_featured_media_url":"https:\/\/i0.wp.com\/cdnoticias.com\/wp-content\/uploads\/2021\/06\/desalojo-barrio-lourdes-robbiani-01.jpg?fit=800%2C445&ssl=1","jetpack_sharing_enabled":true,"_links":{"self":[{"href":"https:\/\/cdnoticias.com\/index.php\/wp-json\/wp\/v2\/posts\/24956","targetHints":{"allow":["GET"]}}],"collection":[{"href":"https:\/\/cdnoticias.com\/index.php\/wp-json\/wp\/v2\/posts"}],"about":[{"href":"https:\/\/cdnoticias.com\/index.php\/wp-json\/wp\/v2\/types\/post"}],"author":[{"embeddable":true,"href":"https:\/\/cdnoticias.com\/index.php\/wp-json\/wp\/v2\/users\/2"}],"replies":[{"embeddable":true,"href":"https:\/\/cdnoticias.com\/index.php\/wp-json\/wp\/v2\/comments?post=24956"}],"version-history":[{"count":0,"href":"https:\/\/cdnoticias.com\/index.php\/wp-json\/wp\/v2\/posts\/24956\/revisions"}],"wp:featuredmedia":[{"embeddable":true,"href":"https:\/\/cdnoticias.com\/index.php\/wp-json\/wp\/v2\/media\/24940"}],"wp:attachment":[{"href":"https:\/\/cdnoticias.com\/index.php\/wp-json\/wp\/v2\/media?parent=24956"}],"wp:term":[{"taxonomy":"category","embeddable":true,"href":"https:\/\/cdnoticias.com\/index.php\/wp-json\/wp\/v2\/categories?post=24956"},{"taxonomy":"post_tag","embeddable":true,"href":"https:\/\/cdnoticias.com\/index.php\/wp-json\/wp\/v2\/tags?post=24956"}],"curies":[{"name":"wp","href":"https:\/\/api.w.org\/{rel}","templated":true}]}}