{"id":24951,"date":"2021-06-25T11:38:24","date_gmt":"2021-06-25T14:38:24","guid":{"rendered":"http:\/\/www.centraldenoticias.com.ar\/?p=24951"},"modified":"2021-06-25T12:58:42","modified_gmt":"2021-06-25T15:58:42","slug":"cantera-piatti-un-fallecido-en-un-accidente-laboral","status":"publish","type":"post","link":"https:\/\/cdnoticias.com\/index.php\/2021\/06\/25\/cantera-piatti-un-fallecido-en-un-accidente-laboral\/","title":{"rendered":"Cantera Piatti: un fallecido en un accidente laboral"},"content":{"rendered":"<p>El hecho se produjo en la ma\u00f1ana de este viernes en la cantera. Polic\u00eda trabaja en el lugar de los hechos tras ser llamados de urgencia.\u00a0<!--more--><\/p>\n<hr \/>\n<p>En la ma\u00f1ana de este viernes,<strong> una persona falleci\u00f3 en Cantera Piatti en lo que se catalog\u00f3, en primera instancia, como accidente laboral.<\/strong><\/p>\n<p>&nbsp;<\/p>\n<blockquote><p>El hecho se produjo cerca de las 10 de la ma\u00f1ana y las causas se encuentran siendo investigadas por personal policial, que acudi\u00f3 al llamado de emergencia en forma inmediata.<\/p><\/blockquote>\n<p>&nbsp;<\/p>\n<p>Lo concreto es que <strong>el operario falleci\u00f3 en el lugar y se realizan las tareas de rigor en la cantera.<\/strong><\/p>\n<p>&nbsp;<\/p>\n<p>Trabajan, cabe se\u00f1alar, <strong>personal de la UFI N\u00b0 7 y tambi\u00e9n Polic\u00eda Cient\u00edfica.<\/strong> Hasta ahora, seg\u00fan se logr\u00f3 saber, &#8220;no hay mayores precisiones&#8221; sobre lo ocurrido.<\/p>\n","protected":false},"excerpt":{"rendered":"<p>El hecho se produjo en la ma\u00f1ana de este viernes en la cantera. Polic\u00eda trabaja en el lugar de los<\/p>\n","protected":false},"author":2,"featured_media":24952,"comment_status":"closed","ping_status":"closed","sticky":false,"template":"","format":"standard","meta":{"_jetpack_memberships_contains_paid_content":false,"footnotes":""},"categories":[14,1],"tags":[],"class_list":["post-24951","post","type-post","status-publish","format-standard","has-post-thumbnail","hentry","category-policiales","category-portada"],"jetpack_featured_media_url":"https:\/\/i0.wp.com\/cdnoticias.com\/wp-content\/uploads\/2021\/06\/06.jpg?fit=700%2C525&ssl=1","jetpack_sharing_enabled":true,"_links":{"self":[{"href":"https:\/\/cdnoticias.com\/index.php\/wp-json\/wp\/v2\/posts\/24951","targetHints":{"allow":["GET"]}}],"collection":[{"href":"https:\/\/cdnoticias.com\/index.php\/wp-json\/wp\/v2\/posts"}],"about":[{"href":"https:\/\/cdnoticias.com\/index.php\/wp-json\/wp\/v2\/types\/post"}],"author":[{"embeddable":true,"href":"https:\/\/cdnoticias.com\/index.php\/wp-json\/wp\/v2\/users\/2"}],"replies":[{"embeddable":true,"href":"https:\/\/cdnoticias.com\/index.php\/wp-json\/wp\/v2\/comments?post=24951"}],"version-history":[{"count":0,"href":"https:\/\/cdnoticias.com\/index.php\/wp-json\/wp\/v2\/posts\/24951\/revisions"}],"wp:featuredmedia":[{"embeddable":true,"href":"https:\/\/cdnoticias.com\/index.php\/wp-json\/wp\/v2\/media\/24952"}],"wp:attachment":[{"href":"https:\/\/cdnoticias.com\/index.php\/wp-json\/wp\/v2\/media?parent=24951"}],"wp:term":[{"taxonomy":"category","embeddable":true,"href":"https:\/\/cdnoticias.com\/index.php\/wp-json\/wp\/v2\/categories?post=24951"},{"taxonomy":"post_tag","embeddable":true,"href":"https:\/\/cdnoticias.com\/index.php\/wp-json\/wp\/v2\/tags?post=24951"}],"curies":[{"name":"wp","href":"https:\/\/api.w.org\/{rel}","templated":true}]}}