{"id":2489,"date":"2020-09-26T09:48:39","date_gmt":"2020-09-26T12:48:39","guid":{"rendered":"http:\/\/www.centraldenoticias.com.ar\/?p=2489"},"modified":"2020-09-26T09:48:39","modified_gmt":"2020-09-26T12:48:39","slug":"monica-maria-singla-q-e-p-d","status":"publish","type":"post","link":"https:\/\/cdnoticias.com\/index.php\/2020\/09\/26\/monica-maria-singla-q-e-p-d\/","title":{"rendered":"Monica Maria Singla (Q.E.P.D.)"},"content":{"rendered":"<p>Falleci\u00f3 en Olavarr\u00eda el d\u00eda 25 de septiembre de 2020 a los 62 a\u00f1os de edad. Sus hermanas: Maria Ang\u00e9lica Singla de Green, Ana Maria Singla, Maria Haydee Singla. Sus hermanos pol\u00edticos: Green Roberto E, Damico Eduardo. Sus sobrinos: Andrea, Patricia y Javier Green, Jorge, Pablo, Juan, Marcelo, Patricio y Marcos Killane y Mariana Schiro y dem\u00e1s deudos participan de su fallecimiento.<\/p>\n<p>No se realiza velatorio ni responso. Cremaci\u00f3n: martes 29 de septiembre en horario a confirmar. Servicio adherido a Coopelectric.<\/p>\n","protected":false},"excerpt":{"rendered":"<p>Falleci\u00f3 en Olavarr\u00eda el d\u00eda 25 de septiembre de 2020 a los 62 a\u00f1os de edad. Sus hermanas: Maria Ang\u00e9lica<\/p>\n","protected":false},"author":4,"featured_media":0,"comment_status":"closed","ping_status":"closed","sticky":false,"template":"","format":"standard","meta":{"_jetpack_memberships_contains_paid_content":false,"footnotes":""},"categories":[10],"tags":[],"class_list":["post-2489","post","type-post","status-publish","format-standard","hentry","category-necrologicas"],"jetpack_featured_media_url":"","jetpack_sharing_enabled":true,"_links":{"self":[{"href":"https:\/\/cdnoticias.com\/index.php\/wp-json\/wp\/v2\/posts\/2489","targetHints":{"allow":["GET"]}}],"collection":[{"href":"https:\/\/cdnoticias.com\/index.php\/wp-json\/wp\/v2\/posts"}],"about":[{"href":"https:\/\/cdnoticias.com\/index.php\/wp-json\/wp\/v2\/types\/post"}],"author":[{"embeddable":true,"href":"https:\/\/cdnoticias.com\/index.php\/wp-json\/wp\/v2\/users\/4"}],"replies":[{"embeddable":true,"href":"https:\/\/cdnoticias.com\/index.php\/wp-json\/wp\/v2\/comments?post=2489"}],"version-history":[{"count":0,"href":"https:\/\/cdnoticias.com\/index.php\/wp-json\/wp\/v2\/posts\/2489\/revisions"}],"wp:attachment":[{"href":"https:\/\/cdnoticias.com\/index.php\/wp-json\/wp\/v2\/media?parent=2489"}],"wp:term":[{"taxonomy":"category","embeddable":true,"href":"https:\/\/cdnoticias.com\/index.php\/wp-json\/wp\/v2\/categories?post=2489"},{"taxonomy":"post_tag","embeddable":true,"href":"https:\/\/cdnoticias.com\/index.php\/wp-json\/wp\/v2\/tags?post=2489"}],"curies":[{"name":"wp","href":"https:\/\/api.w.org\/{rel}","templated":true}]}}