{"id":24861,"date":"2021-06-24T15:02:04","date_gmt":"2021-06-24T18:02:04","guid":{"rendered":"http:\/\/www.centraldenoticias.com.ar\/?p=24861"},"modified":"2021-06-24T15:02:04","modified_gmt":"2021-06-24T18:02:04","slug":"mas-cambios-schneider-nuevo-jefe-del-destacamento-espigas","status":"publish","type":"post","link":"https:\/\/cdnoticias.com\/index.php\/2021\/06\/24\/mas-cambios-schneider-nuevo-jefe-del-destacamento-espigas\/","title":{"rendered":"M\u00e1s cambios: Schneider nuevo jefe del Destacamento Espigas"},"content":{"rendered":"<p>Adem\u00e1s del cambio de titular en el Comando de Patrullas, tambi\u00e9n hubo movimientos en la seccional de la localidad ubicada en las cercan\u00edas de Bol\u00edvar.<!--more--><\/p>\n<hr \/>\n<p>A la par de <a href=\"https:\/\/cdnoticias.com\/index.php\/2021\/06\/24\/iturregui-deja-el-comando-de-patrullas-y-asumira-martin-zapata\/\" target=\"_blank\" rel=\"noopener\">la salida del comisario inspector Juan Iturregui como jefe del Comando de Patrullas de Olavarr\u00eda<\/a>, en la jornada de este jueves se produjeron otros movimientos en la c\u00fapula de la polic\u00eda Bonaerense a nivel local.<\/p>\n<p>&nbsp;<\/p>\n<p>Se trata del destacamento de Espigas, que <strong>ahora tiene como titular al oficial principal N\u00e9stor Schneider, quien precisamente se encontraba cumpliendo funciones en el CPO local.<\/strong><\/p>\n<p>&nbsp;<\/p>\n<p><img data-recalc-dims=\"1\" loading=\"lazy\" decoding=\"async\" class=\"alignnone size-large wp-image-24862\" src=\"https:\/\/i0.wp.com\/cdnoticias.com\/wp-content\/uploads\/2021\/06\/WhatsApp-Image-2021-06-24-at-14.29.27-1.jpeg?resize=768%2C1024&#038;ssl=1\" alt=\"\" width=\"768\" height=\"1024\" \/><\/p>\n<p>&nbsp;<\/p>\n<p>Esa dependencia estaba siendo liderada de manera interina por la oficial principal Gisela Souto,<a href=\"https:\/\/cdnoticias.com\/index.php\/2021\/05\/21\/profundo-pesar-en-el-ambito-policial-local-por-la-muerte-del-oficial-inspector-martin-lopez\/\" target=\"_blank\" rel=\"noopener\"> tras la muerte semanas atr\u00e1s del oficial inspector Mart\u00edn L\u00f3pez<\/a>.<\/p>\n<p>&nbsp;<\/p>\n<p>Del acto protocolar de cambio de titular tambi\u00e9n fue parte el <strong>comisario inspector Roberto Landoni, titular de la Estaci\u00f3n de Polic\u00eda Departamental de Olavarr\u00eda.<\/strong><\/p>\n","protected":false},"excerpt":{"rendered":"<p>Adem\u00e1s del cambio de titular en el Comando de Patrullas, tambi\u00e9n hubo movimientos en la seccional de la localidad ubicada<\/p>\n","protected":false},"author":3,"featured_media":24863,"comment_status":"closed","ping_status":"closed","sticky":false,"template":"","format":"standard","meta":{"_jetpack_memberships_contains_paid_content":false,"footnotes":""},"categories":[14],"tags":[],"class_list":["post-24861","post","type-post","status-publish","format-standard","has-post-thumbnail","hentry","category-policiales"],"jetpack_featured_media_url":"https:\/\/i0.wp.com\/cdnoticias.com\/wp-content\/uploads\/2021\/06\/WhatsApp-Image-2021-06-24-at-14.29.27-e1624557712538.jpeg?fit=944%2C608&ssl=1","jetpack_sharing_enabled":true,"_links":{"self":[{"href":"https:\/\/cdnoticias.com\/index.php\/wp-json\/wp\/v2\/posts\/24861","targetHints":{"allow":["GET"]}}],"collection":[{"href":"https:\/\/cdnoticias.com\/index.php\/wp-json\/wp\/v2\/posts"}],"about":[{"href":"https:\/\/cdnoticias.com\/index.php\/wp-json\/wp\/v2\/types\/post"}],"author":[{"embeddable":true,"href":"https:\/\/cdnoticias.com\/index.php\/wp-json\/wp\/v2\/users\/3"}],"replies":[{"embeddable":true,"href":"https:\/\/cdnoticias.com\/index.php\/wp-json\/wp\/v2\/comments?post=24861"}],"version-history":[{"count":0,"href":"https:\/\/cdnoticias.com\/index.php\/wp-json\/wp\/v2\/posts\/24861\/revisions"}],"wp:featuredmedia":[{"embeddable":true,"href":"https:\/\/cdnoticias.com\/index.php\/wp-json\/wp\/v2\/media\/24863"}],"wp:attachment":[{"href":"https:\/\/cdnoticias.com\/index.php\/wp-json\/wp\/v2\/media?parent=24861"}],"wp:term":[{"taxonomy":"category","embeddable":true,"href":"https:\/\/cdnoticias.com\/index.php\/wp-json\/wp\/v2\/categories?post=24861"},{"taxonomy":"post_tag","embeddable":true,"href":"https:\/\/cdnoticias.com\/index.php\/wp-json\/wp\/v2\/tags?post=24861"}],"curies":[{"name":"wp","href":"https:\/\/api.w.org\/{rel}","templated":true}]}}