{"id":24859,"date":"2021-06-24T14:31:34","date_gmt":"2021-06-24T17:31:34","guid":{"rendered":"http:\/\/www.centraldenoticias.com.ar\/?p=24859"},"modified":"2021-06-24T16:55:46","modified_gmt":"2021-06-24T19:55:46","slug":"hector-agustin-cavalieri-cacho-q-e-p-d","status":"publish","type":"post","link":"https:\/\/cdnoticias.com\/index.php\/2021\/06\/24\/hector-agustin-cavalieri-cacho-q-e-p-d\/","title":{"rendered":"H\u00e9ctor Agust\u00edn Cavalieri &#8220;Chacho&#8221; (Q.E.P.D.)"},"content":{"rendered":"<p>Falleci\u00f3 en Entre R\u00edos el d\u00eda 24 de junio de 2021 a los 79 a\u00f1os de edad.<\/p>\n<p>&nbsp;<\/p>\n<p>Su esposa: Mar\u00eda del Carmen Cipr\u00e9s de Cavalieri. Sus hijos: Silvina, Pablo, Leonardo, Mar\u00eda de los \u00c1ngeles y Yanina. Los hijos pol\u00edticos: Javier Turchi, Marina Baffo, Sandra Correa y Ricardo Adaniya. Sus nietos: Cintia, Matias y Mariano Turchi; Milena, Victoria, Sof\u00eda y Juan Ignacio Cavalieri; Mart\u00edn, Fiorella y Fiamma Cavalieri; Nicol\u00e1s Cavalieri, Santiago Lagleyze e Ivo Adaniya. Sus bisnietos: Faustina, Carola, Lorenzo, Emilia y Tahiel. Su hermana, sobrinos y dem\u00e1s deudos participan su fallecimiento.<\/p>\n<p>&nbsp;<\/p>\n<p>Velatorio: Sala &#8220;C&#8221; de Espa\u00f1a 2942, comienza 12:30 hs del d\u00eda viernes. Responso: Capilla ardiente. Inhumaci\u00f3n: Loma de Paz, viernes a las 14:30 hs. Servicio adherido a Coopelectric.<\/p>\n<p>&nbsp;<\/p>\n<p>Barrio en el que viv\u00eda: Mariano Moreno.<\/p>\n<p>&nbsp;<\/p>\n<p>Lugar de nacimiento: Olavarr\u00eda.<\/p>\n<p>&nbsp;<\/p>\n<p>Actividad que desarrollaba: Odont\u00f3logo. Ex concejal.<\/p>\n","protected":false},"excerpt":{"rendered":"<p>Falleci\u00f3 en Entre R\u00edos el d\u00eda 24 de junio de 2021 a los 79 a\u00f1os de edad. &nbsp; Su esposa:<\/p>\n","protected":false},"author":4,"featured_media":0,"comment_status":"closed","ping_status":"closed","sticky":false,"template":"","format":"standard","meta":{"_jetpack_memberships_contains_paid_content":false,"footnotes":""},"categories":[10],"tags":[],"class_list":["post-24859","post","type-post","status-publish","format-standard","hentry","category-necrologicas"],"jetpack_featured_media_url":"","jetpack_sharing_enabled":true,"_links":{"self":[{"href":"https:\/\/cdnoticias.com\/index.php\/wp-json\/wp\/v2\/posts\/24859","targetHints":{"allow":["GET"]}}],"collection":[{"href":"https:\/\/cdnoticias.com\/index.php\/wp-json\/wp\/v2\/posts"}],"about":[{"href":"https:\/\/cdnoticias.com\/index.php\/wp-json\/wp\/v2\/types\/post"}],"author":[{"embeddable":true,"href":"https:\/\/cdnoticias.com\/index.php\/wp-json\/wp\/v2\/users\/4"}],"replies":[{"embeddable":true,"href":"https:\/\/cdnoticias.com\/index.php\/wp-json\/wp\/v2\/comments?post=24859"}],"version-history":[{"count":0,"href":"https:\/\/cdnoticias.com\/index.php\/wp-json\/wp\/v2\/posts\/24859\/revisions"}],"wp:attachment":[{"href":"https:\/\/cdnoticias.com\/index.php\/wp-json\/wp\/v2\/media?parent=24859"}],"wp:term":[{"taxonomy":"category","embeddable":true,"href":"https:\/\/cdnoticias.com\/index.php\/wp-json\/wp\/v2\/categories?post=24859"},{"taxonomy":"post_tag","embeddable":true,"href":"https:\/\/cdnoticias.com\/index.php\/wp-json\/wp\/v2\/tags?post=24859"}],"curies":[{"name":"wp","href":"https:\/\/api.w.org\/{rel}","templated":true}]}}