{"id":24857,"date":"2021-06-24T14:29:30","date_gmt":"2021-06-24T17:29:30","guid":{"rendered":"http:\/\/www.centraldenoticias.com.ar\/?p=24857"},"modified":"2021-06-24T14:29:30","modified_gmt":"2021-06-24T17:29:30","slug":"ruben-argentino-parejas-negro-q-e-p-d","status":"publish","type":"post","link":"https:\/\/cdnoticias.com\/index.php\/2021\/06\/24\/ruben-argentino-parejas-negro-q-e-p-d\/","title":{"rendered":"Rub\u00e9n Argentino Parejas &#8220;Negro&#8221; (Q.E.P.D.)"},"content":{"rendered":"<p>Falleci\u00f3 en Olavarr\u00eda el d\u00eda 24 de junio de 2021 a los 83 a\u00f1os de edad.<\/p>\n<p>&nbsp;<\/p>\n<p>Su esposa: Mar\u00eda Emilia Gonz\u00e1lez. Sus hijos: Mar\u00eda Adriana y Gustavo Rub\u00e9n. Sus hijjos pol\u00edticos: Juan Jos\u00e9 Valencia y Mar\u00eda Claudia Pilip. Sus nietos: Nazareno y Facundo Hoffmann; Paula, Francisco y Mariana Parejas. Su nieto pol\u00edtico: David G\u00f3mez. Su bisnieto: Salvador G\u00f3mez Parejas y dem\u00e1s deudos participan su fallecimiento.<\/p>\n<p>&nbsp;<\/p>\n<p>Velatorio: Sala &#8220;C&#8221; de Espa\u00f1a 2942, comienza d\u00eda viernes 9 hs y finaliza 11hs. Responso: Capilla ardiente. Cremaci\u00f3n: Crematorio Pinos de Paz, lunes 28 de junio a las 8:30 hs. Servicio adherido a Coopelectric.<\/p>\n<p>&nbsp;<\/p>\n<p>Barrio en el que viv\u00eda: CECO.<\/p>\n<p>&nbsp;<\/p>\n<p>Lugar de nacimiento: Mendoza.<\/p>\n<p>&nbsp;<\/p>\n<p>Actividad que desarrollaba: Jubilado Militar.<\/p>\n","protected":false},"excerpt":{"rendered":"<p>Falleci\u00f3 en Olavarr\u00eda el d\u00eda 24 de junio de 2021 a los 83 a\u00f1os de edad. &nbsp; Su esposa: Mar\u00eda<\/p>\n","protected":false},"author":4,"featured_media":0,"comment_status":"closed","ping_status":"closed","sticky":false,"template":"","format":"standard","meta":{"_jetpack_memberships_contains_paid_content":false,"footnotes":""},"categories":[10],"tags":[],"class_list":["post-24857","post","type-post","status-publish","format-standard","hentry","category-necrologicas"],"jetpack_featured_media_url":"","jetpack_sharing_enabled":true,"_links":{"self":[{"href":"https:\/\/cdnoticias.com\/index.php\/wp-json\/wp\/v2\/posts\/24857","targetHints":{"allow":["GET"]}}],"collection":[{"href":"https:\/\/cdnoticias.com\/index.php\/wp-json\/wp\/v2\/posts"}],"about":[{"href":"https:\/\/cdnoticias.com\/index.php\/wp-json\/wp\/v2\/types\/post"}],"author":[{"embeddable":true,"href":"https:\/\/cdnoticias.com\/index.php\/wp-json\/wp\/v2\/users\/4"}],"replies":[{"embeddable":true,"href":"https:\/\/cdnoticias.com\/index.php\/wp-json\/wp\/v2\/comments?post=24857"}],"version-history":[{"count":0,"href":"https:\/\/cdnoticias.com\/index.php\/wp-json\/wp\/v2\/posts\/24857\/revisions"}],"wp:attachment":[{"href":"https:\/\/cdnoticias.com\/index.php\/wp-json\/wp\/v2\/media?parent=24857"}],"wp:term":[{"taxonomy":"category","embeddable":true,"href":"https:\/\/cdnoticias.com\/index.php\/wp-json\/wp\/v2\/categories?post=24857"},{"taxonomy":"post_tag","embeddable":true,"href":"https:\/\/cdnoticias.com\/index.php\/wp-json\/wp\/v2\/tags?post=24857"}],"curies":[{"name":"wp","href":"https:\/\/api.w.org\/{rel}","templated":true}]}}