{"id":24846,"date":"2021-06-24T20:10:29","date_gmt":"2021-06-24T23:10:29","guid":{"rendered":"http:\/\/www.centraldenoticias.com.ar\/?p=24846"},"modified":"2021-06-24T20:10:29","modified_gmt":"2021-06-24T23:10:29","slug":"la-comision-de-transporte-interurbano-recibira-al-titular-de-ola-bus","status":"publish","type":"post","link":"https:\/\/cdnoticias.com\/index.php\/2021\/06\/24\/la-comision-de-transporte-interurbano-recibira-al-titular-de-ola-bus\/","title":{"rendered":"La Comisi\u00f3n de Transporte Interurbano recibir\u00e1 al titular de Ola Bus"},"content":{"rendered":"<p>Volver\u00e1 a reunirse este viernes por la ma\u00f1ana en la sede del Palacio Municipal. Concejales y funcionarios har\u00e1n consultas sobre el panorama empresarial.<!--more--><\/p>\n<hr \/>\n<p><strong>La Comisi\u00f3n de Transporte Interurbano recibir\u00e1 al titular de Ola Bus, Ramiro Di Giano, este viernes desde las 10 en el Sal\u00f3n Blanco del Palacio Municipal<\/strong>.<\/p>\n<p>&nbsp;<\/p>\n<p>Concejales y funcionarios de la comisi\u00f3n, encabezada por el subsecretario de Gobierno Emilio Vitale, <strong>volver\u00e1n a reunirse en la comisi\u00f3n que analiza la futura concesi\u00f3n del servicio de pasajeros<\/strong>, la cual deber\u00e1 renovarse a partir de mayo del a\u00f1o pr\u00f3ximo.<\/p>\n<p>&nbsp;<\/p>\n<blockquote><p>La charla girar\u00e1 en torno al panorama empresarial y a aspectos del futuro del servicio, en un contexto en el que se proyecta la continuidad de la pandemia y de la emergencia sanitaria. En ese marco, el corte de boleto, los recorridos y las frecuencias ser\u00e1n ejes a plantear.<\/p><\/blockquote>\n<p>&nbsp;<\/p>\n<p><a href=\"https:\/\/cdnoticias.com\/index.php\/2021\/05\/11\/la-voz-de-los-trabajadores-en-la-comision-de-transporte-interurbano\/\" target=\"_blank\" rel=\"noopener\">La comisi\u00f3n ya ha recibido a los trabajadores del sector<\/a> y se proyecta la finalizaci\u00f3n de las tareas a fin de<strong> enviar al Concejo Deliberante durante el mes de agosto el proyecto de ordenanza para su debate interno<\/strong>.<\/p>\n<p>&nbsp;<\/p>\n<p>Una vez aprobada la ordenanza el Ejecutivo municipal quedar\u00e1 habilitado para llamar a la licitaci\u00f3n.<\/p>\n","protected":false},"excerpt":{"rendered":"<p>Volver\u00e1 a reunirse este viernes por la ma\u00f1ana en la sede del Palacio Municipal. Concejales y funcionarios har\u00e1n consultas sobre<\/p>\n","protected":false},"author":4,"featured_media":21197,"comment_status":"closed","ping_status":"closed","sticky":false,"template":"","format":"standard","meta":{"_jetpack_memberships_contains_paid_content":false,"footnotes":""},"categories":[4,1],"tags":[],"class_list":["post-24846","post","type-post","status-publish","format-standard","has-post-thumbnail","hentry","category-politica","category-portada"],"jetpack_featured_media_url":"https:\/\/i0.wp.com\/cdnoticias.com\/wp-content\/uploads\/2021\/05\/transporte-interurbano-1024x660.jpg?fit=1024%2C660&ssl=1","jetpack_sharing_enabled":true,"_links":{"self":[{"href":"https:\/\/cdnoticias.com\/index.php\/wp-json\/wp\/v2\/posts\/24846","targetHints":{"allow":["GET"]}}],"collection":[{"href":"https:\/\/cdnoticias.com\/index.php\/wp-json\/wp\/v2\/posts"}],"about":[{"href":"https:\/\/cdnoticias.com\/index.php\/wp-json\/wp\/v2\/types\/post"}],"author":[{"embeddable":true,"href":"https:\/\/cdnoticias.com\/index.php\/wp-json\/wp\/v2\/users\/4"}],"replies":[{"embeddable":true,"href":"https:\/\/cdnoticias.com\/index.php\/wp-json\/wp\/v2\/comments?post=24846"}],"version-history":[{"count":0,"href":"https:\/\/cdnoticias.com\/index.php\/wp-json\/wp\/v2\/posts\/24846\/revisions"}],"wp:featuredmedia":[{"embeddable":true,"href":"https:\/\/cdnoticias.com\/index.php\/wp-json\/wp\/v2\/media\/21197"}],"wp:attachment":[{"href":"https:\/\/cdnoticias.com\/index.php\/wp-json\/wp\/v2\/media?parent=24846"}],"wp:term":[{"taxonomy":"category","embeddable":true,"href":"https:\/\/cdnoticias.com\/index.php\/wp-json\/wp\/v2\/categories?post=24846"},{"taxonomy":"post_tag","embeddable":true,"href":"https:\/\/cdnoticias.com\/index.php\/wp-json\/wp\/v2\/tags?post=24846"}],"curies":[{"name":"wp","href":"https:\/\/api.w.org\/{rel}","templated":true}]}}