{"id":24838,"date":"2021-06-24T10:57:20","date_gmt":"2021-06-24T13:57:20","guid":{"rendered":"http:\/\/www.centraldenoticias.com.ar\/?p=24838"},"modified":"2021-06-24T10:57:20","modified_gmt":"2021-06-24T13:57:20","slug":"el-martes-se-recolectara-basura-electronica-en-olavarria","status":"publish","type":"post","link":"https:\/\/cdnoticias.com\/index.php\/2021\/06\/24\/el-martes-se-recolectara-basura-electronica-en-olavarria\/","title":{"rendered":"El martes se recolectar\u00e1 basura electr\u00f3nica en Olavarr\u00eda"},"content":{"rendered":"<p>La campa\u00f1a de recolecci\u00f3n de Residuos de Aparatos El\u00e9ctricos y Electr\u00f3nicos se realizar\u00e1 en el Ecopunto del Parque Avellaneda desde las 11.<!--more--><\/p>\n<hr \/>\n<p><strong>La Direcci\u00f3n de Desarrollo Sustentable de la Secretar\u00eda de Desarrollo Econ\u00f3mico, inform\u00f3 que el martes se realizar\u00e1 una nueva campa\u00f1a de recolecci\u00f3n de RAEEs (Residuos de Aparatos El\u00e9ctricos y Electr\u00f3nicos) com\u00fanmente denominados Basura Electr\u00f3nica<\/strong>.<\/p>\n<p>&nbsp;<\/p>\n<p>Tendr\u00e1 lugar en el <strong>Ecopunto del Parque Avellaneda, frente al barrio CECO, de 11 a 15 horas.<\/strong><\/p>\n<p>&nbsp;<\/p>\n<p>La iniciativa se enmarca en el Programa DRTD (Disposici\u00f3n y Reutilizaci\u00f3n de Tecnolog\u00edas en Desuso) del Ministerio de Justicia, que tiene como objeto principal el <strong>reciclado de aquellos aparatos o equipos electr\u00f3nicos de consumo que est\u00e1n da\u00f1ados o ya no son utilizados<\/strong>, para as\u00ed mitigar los da\u00f1os que producen estos residuos al ambiente.<\/p>\n<p>&nbsp;<\/p>\n<blockquote><p>En esta oportunidad, los residuos que se reciben son: computadoras, impresoras, monitores, celulares, televisores, centrales telef\u00f3nicas, routers, electrodom\u00e9sticos peque\u00f1os, radios, videoc\u00e1maras, relojes, videojuegos. No se recibir\u00e1n: heladeras, lavarropas, cocinas, lavavajillas, tonners, bater\u00edas, pilas y l\u00e1mparas.<\/p><\/blockquote>\n<p>&nbsp;<\/p>\n<p>Las personas que concurran deber\u00e1n hacerlo con tapabocas y mantener y respetar la distancia.<\/p>\n<p>&nbsp;<\/p>\n<p>Para m\u00e1s informaci\u00f3n comunicarse con la Direcci\u00f3n de Desarrollo Sustentable al 412600. Facebook e Instagram: Desarrollo Sustentable Olavarr\u00eda.<\/p>\n","protected":false},"excerpt":{"rendered":"<p>La campa\u00f1a de recolecci\u00f3n de Residuos de Aparatos El\u00e9ctricos y Electr\u00f3nicos se realizar\u00e1 en el Ecopunto del Parque Avellaneda desde<\/p>\n","protected":false},"author":4,"featured_media":24839,"comment_status":"closed","ping_status":"closed","sticky":false,"template":"","format":"standard","meta":{"_jetpack_memberships_contains_paid_content":false,"footnotes":""},"categories":[5,1],"tags":[],"class_list":["post-24838","post","type-post","status-publish","format-standard","has-post-thumbnail","hentry","category-informacion-general","category-portada"],"jetpack_featured_media_url":"https:\/\/i0.wp.com\/cdnoticias.com\/wp-content\/uploads\/2021\/06\/Basura-Electr%C3%B3nica-1024x678.jpg?fit=1024%2C678&ssl=1","jetpack_sharing_enabled":true,"_links":{"self":[{"href":"https:\/\/cdnoticias.com\/index.php\/wp-json\/wp\/v2\/posts\/24838","targetHints":{"allow":["GET"]}}],"collection":[{"href":"https:\/\/cdnoticias.com\/index.php\/wp-json\/wp\/v2\/posts"}],"about":[{"href":"https:\/\/cdnoticias.com\/index.php\/wp-json\/wp\/v2\/types\/post"}],"author":[{"embeddable":true,"href":"https:\/\/cdnoticias.com\/index.php\/wp-json\/wp\/v2\/users\/4"}],"replies":[{"embeddable":true,"href":"https:\/\/cdnoticias.com\/index.php\/wp-json\/wp\/v2\/comments?post=24838"}],"version-history":[{"count":0,"href":"https:\/\/cdnoticias.com\/index.php\/wp-json\/wp\/v2\/posts\/24838\/revisions"}],"wp:featuredmedia":[{"embeddable":true,"href":"https:\/\/cdnoticias.com\/index.php\/wp-json\/wp\/v2\/media\/24839"}],"wp:attachment":[{"href":"https:\/\/cdnoticias.com\/index.php\/wp-json\/wp\/v2\/media?parent=24838"}],"wp:term":[{"taxonomy":"category","embeddable":true,"href":"https:\/\/cdnoticias.com\/index.php\/wp-json\/wp\/v2\/categories?post=24838"},{"taxonomy":"post_tag","embeddable":true,"href":"https:\/\/cdnoticias.com\/index.php\/wp-json\/wp\/v2\/tags?post=24838"}],"curies":[{"name":"wp","href":"https:\/\/api.w.org\/{rel}","templated":true}]}}