{"id":2482,"date":"2020-09-25T19:33:29","date_gmt":"2020-09-25T22:33:29","guid":{"rendered":"http:\/\/www.centraldenoticias.com.ar\/?p=2482"},"modified":"2020-09-26T09:31:20","modified_gmt":"2020-09-26T12:31:20","slug":"mas-y-mas-casos-60-nuevos-contagios-de-coronavirus","status":"publish","type":"post","link":"https:\/\/cdnoticias.com\/index.php\/2020\/09\/25\/mas-y-mas-casos-60-nuevos-contagios-de-coronavirus\/","title":{"rendered":"M\u00e1s y m\u00e1s casos: 60 nuevos contagios de coronavirus"},"content":{"rendered":"<p>As\u00ed fue detallado por el municipio local, desde donde adem\u00e1s se refiri\u00f3 que el n\u00famero de pacientes activos trep\u00f3 a 248.<\/p>\n<hr \/>\n<p>&nbsp;<\/p>\n<p>Olavarr\u00eda volvi\u00f3 a registrar un importante n\u00famero de casos de coronavirus, tal cual lo evidencia el parte emitido este viernes desde el gobierno municipal.<strong> Seg\u00fan se detall\u00f3, se registraron 60 nuevos casos.<\/strong><\/p>\n<p>&nbsp;<\/p>\n<p>A la par, se refiri\u00f3 que<strong> el n\u00famero de pacientes activos ascendi\u00f3 a 248, debido tambi\u00e9n que en las \u00faltimas horas 39 personas fueron dadas de alta.<\/strong><\/p>\n<p>&nbsp;<\/p>\n<p><img data-recalc-dims=\"1\" loading=\"lazy\" decoding=\"async\" class=\"alignnone size-large wp-image-2481\" src=\"https:\/\/i0.wp.com\/cdnoticias.com\/wp-content\/uploads\/2020\/09\/parte-10.jpg?resize=800%2C398&#038;ssl=1\" alt=\"\" width=\"800\" height=\"398\" srcset=\"https:\/\/i0.wp.com\/cdnoticias.com\/wp-content\/uploads\/2020\/09\/parte-10.jpg?resize=1024%2C510&amp;ssl=1 1024w, https:\/\/i0.wp.com\/cdnoticias.com\/wp-content\/uploads\/2020\/09\/parte-10.jpg?resize=300%2C149&amp;ssl=1 300w, https:\/\/i0.wp.com\/cdnoticias.com\/wp-content\/uploads\/2020\/09\/parte-10.jpg?resize=768%2C382&amp;ssl=1 768w, https:\/\/i0.wp.com\/cdnoticias.com\/wp-content\/uploads\/2020\/09\/parte-10.jpg?w=1209&amp;ssl=1 1209w\" sizes=\"auto, (max-width: 800px) 100vw, 800px\" \/><\/p>\n<p>&nbsp;<\/p>\n<p>Este viernes se llevaron a cabo <strong>77 testeos, de los cuales 17 resultaron negativos<\/strong>. Se enfatiz\u00f3 desde el Ejecutivo local que el n\u00famero de testeos ya supera los cuatro mil doscientos.<\/p>\n<p>&nbsp;<\/p>\n<p>Por otra parte, la Secretar\u00eda de Salud del Gobierno Municipal inform\u00f3 que <strong>los nuevos \u00a0casos corresponden a personal de Seguridad, del Servicio Penitenciario, de Salud, del Poder Judicial, a nexos con positivos anteriores y se estudia el nexo epidemiol\u00f3gico del 25% de los casos detectados en las \u00faltimas horas.<\/strong><\/p>\n<p>&nbsp;<\/p>\n<p>Sobre el estado actual del Hospital, se indic\u00f3 que <strong>hay cinco pacientes en Unidad de Terapia Intensiva (uno de ellos es de la ciudad de Laprida) y veinte en Cuidados Generales (dos de ellos son residentes del Hogar de Adultos Mayores).<\/strong> En este sentido, desde la Secretar\u00eda de Salud Municipal aseguraron que el 88% de los casos positivos corresponden a personas con menos de 60 a\u00f1os y el 12% a mayores de 60 a\u00f1os.<\/p>\n<p>&nbsp;<\/p>\n<p>&nbsp;<\/p>\n<p>&nbsp;<\/p>\n<p>&nbsp;<\/p>\n","protected":false},"excerpt":{"rendered":"<p>As\u00ed fue detallado por el municipio local, desde donde adem\u00e1s se refiri\u00f3 que el n\u00famero de pacientes activos trep\u00f3 a<\/p>\n","protected":false},"author":3,"featured_media":1503,"comment_status":"closed","ping_status":"closed","sticky":false,"template":"","format":"standard","meta":{"_jetpack_memberships_contains_paid_content":false,"footnotes":""},"categories":[5,1],"tags":[],"class_list":["post-2482","post","type-post","status-publish","format-standard","has-post-thumbnail","hentry","category-informacion-general","category-portada"],"jetpack_featured_media_url":"https:\/\/i0.wp.com\/cdnoticias.com\/wp-content\/uploads\/2020\/09\/Salud-Guardia-Hospital-1.jpg?fit=987%2C740&ssl=1","jetpack_sharing_enabled":true,"_links":{"self":[{"href":"https:\/\/cdnoticias.com\/index.php\/wp-json\/wp\/v2\/posts\/2482","targetHints":{"allow":["GET"]}}],"collection":[{"href":"https:\/\/cdnoticias.com\/index.php\/wp-json\/wp\/v2\/posts"}],"about":[{"href":"https:\/\/cdnoticias.com\/index.php\/wp-json\/wp\/v2\/types\/post"}],"author":[{"embeddable":true,"href":"https:\/\/cdnoticias.com\/index.php\/wp-json\/wp\/v2\/users\/3"}],"replies":[{"embeddable":true,"href":"https:\/\/cdnoticias.com\/index.php\/wp-json\/wp\/v2\/comments?post=2482"}],"version-history":[{"count":0,"href":"https:\/\/cdnoticias.com\/index.php\/wp-json\/wp\/v2\/posts\/2482\/revisions"}],"wp:featuredmedia":[{"embeddable":true,"href":"https:\/\/cdnoticias.com\/index.php\/wp-json\/wp\/v2\/media\/1503"}],"wp:attachment":[{"href":"https:\/\/cdnoticias.com\/index.php\/wp-json\/wp\/v2\/media?parent=2482"}],"wp:term":[{"taxonomy":"category","embeddable":true,"href":"https:\/\/cdnoticias.com\/index.php\/wp-json\/wp\/v2\/categories?post=2482"},{"taxonomy":"post_tag","embeddable":true,"href":"https:\/\/cdnoticias.com\/index.php\/wp-json\/wp\/v2\/tags?post=2482"}],"curies":[{"name":"wp","href":"https:\/\/api.w.org\/{rel}","templated":true}]}}