{"id":24789,"date":"2021-06-23T16:09:24","date_gmt":"2021-06-23T19:09:24","guid":{"rendered":"http:\/\/www.centraldenoticias.com.ar\/?p=24789"},"modified":"2021-06-23T19:07:14","modified_gmt":"2021-06-23T22:07:14","slug":"murio-el-ciclista-accidentado-en-la-ruta-nacional-226","status":"publish","type":"post","link":"https:\/\/cdnoticias.com\/index.php\/2021\/06\/23\/murio-el-ciclista-accidentado-en-la-ruta-nacional-226\/","title":{"rendered":"Muri\u00f3 el ciclista accidentado en la Ruta Nacional 226"},"content":{"rendered":"<p>La muerte se confirm\u00f3 en el inicio de la tarde de este mi\u00e9rcoles. Permanec\u00eda en el \u00e1rea de cuidados intensivos del Hospital Municipal Doctor H\u00e9ctor Cura.<!--more--><\/p>\n<hr \/>\n<p><strong>En el inicio de la tarde de este mi\u00e9rcoles fuentes oficiales confirmaron que se produjo la muerte de Ricardo Rodolfo Jurado<\/strong>, el reconocido ciclista local que <a href=\"https:\/\/cdnoticias.com\/index.php\/2021\/06\/22\/mas-detalles-del-violento-accidente-que-sufrio-un-reconocido-ciclista-en-la-ruta-226\/\" target=\"_blank\" rel=\"noopener\">en la tarde del \u00faltimo mi\u00e9rcoles hab\u00eda protagonizado un violento siniestro vial cuando circulaba por la Ruta Nacional 226, en la zona de Colonia Nievas<\/a>.<\/p>\n<p>&nbsp;<\/p>\n<p><strong>El lamentable episodio es a\u00fan materia de estudio de la fiscal\u00eda en turno, la UFI 7 de doctor Christian Url\u00e9zaga<\/strong>. Si bien algunas versiones dieron cuenta de la presunta participaci\u00f3n de otros rodados, las actuaciones por ahora dan cuenta que Jurado se habr\u00eda ca\u00eddo de su bicicleta sin la participaci\u00f3n activa de otro veh\u00edculo, fue por ello que la causa fue encuadrada como \u201clesiones en accidente\u201d.No obstante ello, <strong>se aguarda por el avance de diversas medidas de prueba, entre ellas pericias realizadas por especialistas de la divisi\u00f3n Cient\u00edfica de la polic\u00eda Bonaerense en la escena<\/strong>.<\/p>\n<p>&nbsp;<\/p>\n<p>Lo concreto es que la v\u00edctima registr\u00f3, entre otras lesiones, politraumatismo de cr\u00e1neo y politraumatismo cerrado de t\u00f3rax, por lo que <a href=\"https:\/\/cdnoticias.com\/index.php\/2021\/06\/22\/fue-intervenido-quirurgicamente-y-continua-en-grave-estado-el-ciclista-accidentado\/\" target=\"_blank\" rel=\"noopener\">debi\u00f3 ser intervenido quir\u00fargicamente de urgencia en el Hospital Municipal \u201cDoctor H\u00e9ctor Cura\u201d<\/a>. Lamentablemente, su condici\u00f3n se agrav\u00f3 con el correr de las horas, confirm\u00e1ndose su deceso en el inicio de la tarde de este jueves.<\/p>\n","protected":false},"excerpt":{"rendered":"<p>La muerte se confirm\u00f3 en el inicio de la tarde de este mi\u00e9rcoles. Permanec\u00eda en el \u00e1rea de cuidados intensivos<\/p>\n","protected":false},"author":3,"featured_media":24681,"comment_status":"closed","ping_status":"closed","sticky":false,"template":"","format":"standard","meta":{"_jetpack_memberships_contains_paid_content":false,"footnotes":""},"categories":[14,1],"tags":[],"class_list":["post-24789","post","type-post","status-publish","format-standard","has-post-thumbnail","hentry","category-policiales","category-portada"],"jetpack_featured_media_url":"https:\/\/i0.wp.com\/cdnoticias.com\/wp-content\/uploads\/2021\/06\/jurado-hinojo01.jpg?fit=800%2C445&ssl=1","jetpack_sharing_enabled":true,"_links":{"self":[{"href":"https:\/\/cdnoticias.com\/index.php\/wp-json\/wp\/v2\/posts\/24789","targetHints":{"allow":["GET"]}}],"collection":[{"href":"https:\/\/cdnoticias.com\/index.php\/wp-json\/wp\/v2\/posts"}],"about":[{"href":"https:\/\/cdnoticias.com\/index.php\/wp-json\/wp\/v2\/types\/post"}],"author":[{"embeddable":true,"href":"https:\/\/cdnoticias.com\/index.php\/wp-json\/wp\/v2\/users\/3"}],"replies":[{"embeddable":true,"href":"https:\/\/cdnoticias.com\/index.php\/wp-json\/wp\/v2\/comments?post=24789"}],"version-history":[{"count":0,"href":"https:\/\/cdnoticias.com\/index.php\/wp-json\/wp\/v2\/posts\/24789\/revisions"}],"wp:featuredmedia":[{"embeddable":true,"href":"https:\/\/cdnoticias.com\/index.php\/wp-json\/wp\/v2\/media\/24681"}],"wp:attachment":[{"href":"https:\/\/cdnoticias.com\/index.php\/wp-json\/wp\/v2\/media?parent=24789"}],"wp:term":[{"taxonomy":"category","embeddable":true,"href":"https:\/\/cdnoticias.com\/index.php\/wp-json\/wp\/v2\/categories?post=24789"},{"taxonomy":"post_tag","embeddable":true,"href":"https:\/\/cdnoticias.com\/index.php\/wp-json\/wp\/v2\/tags?post=24789"}],"curies":[{"name":"wp","href":"https:\/\/api.w.org\/{rel}","templated":true}]}}