{"id":24764,"date":"2021-06-23T13:30:06","date_gmt":"2021-06-23T16:30:06","guid":{"rendered":"http:\/\/www.centraldenoticias.com.ar\/?p=24764"},"modified":"2021-06-23T13:30:06","modified_gmt":"2021-06-23T16:30:06","slug":"integrantes-de-la-subsecretaria-de-desarrollo-social-visitaron-el-relleno-sanitario","status":"publish","type":"post","link":"https:\/\/cdnoticias.com\/index.php\/2021\/06\/23\/integrantes-de-la-subsecretaria-de-desarrollo-social-visitaron-el-relleno-sanitario\/","title":{"rendered":"Integrantes de la subsecretar\u00eda de Desarrollo Social visitaron el Relleno Sanitario"},"content":{"rendered":"<p>Fue la semana pasada, cuando estuvieron en la Planta de Reciclado. Esta recorrida se dio en el marco de la participaci\u00f3n del \u00e1rea en el Programa GIRO.\u00a0<!--more--><\/p>\n<hr \/>\n<p>La semana pasada, la subsecretaria de Desarrollo Social Silvana Rosales y parte del equipo de Trabajadoras Sociales del \u00e1rea <strong>visitaron la Planta de Reciclado que funciona en el Relleno Sanitario.<\/strong><\/p>\n<p>&nbsp;<\/p>\n<p>La recorrida se enmarc\u00f3 dentro de la<strong> intervenci\u00f3n y participaci\u00f3n que tiene Desarrollo Social en el Programa GIRO<\/strong>, que desde el inicio del proyecto ha tenido por objetivo <em>\u201cconstruir un sistema de reciclado sostenible, inclusivo y econ\u00f3mico que aseguren sistemas transparentes, replicables y econ\u00f3micamente sustentables\u201d.<\/em><\/p>\n<p>&nbsp;<\/p>\n<p>En la Planta,<strong> pudieron tomar contacto con los recicladores<\/strong> (que forman parte de las familias relevadas y entrevistadas por el equipo en la etapa de diagn\u00f3stico del proyecto), que <strong>pertenecen a los distintos barrios que integran diferentes espacios territoriales, cada uno con una realidad particular y caracter\u00edsticas distintas.<\/strong><\/p>\n<p>&nbsp;<\/p>\n<p>En el lugar, les contaron acerca del <strong>funcionamiento de la planta y el proceso de reciclaje, con el compromiso del apoyo constante al proyecto y el trabajo en equipo que se ha llevado a cabo hasta el momento.<\/strong><\/p>\n","protected":false},"excerpt":{"rendered":"<p>Fue la semana pasada, cuando estuvieron en la Planta de Reciclado. Esta recorrida se dio en el marco de la<\/p>\n","protected":false},"author":2,"featured_media":24765,"comment_status":"closed","ping_status":"closed","sticky":false,"template":"","format":"standard","meta":{"_jetpack_memberships_contains_paid_content":false,"footnotes":""},"categories":[5,1],"tags":[],"class_list":["post-24764","post","type-post","status-publish","format-standard","has-post-thumbnail","hentry","category-informacion-general","category-portada"],"jetpack_featured_media_url":"https:\/\/i0.wp.com\/cdnoticias.com\/wp-content\/uploads\/2021\/06\/DS-Visita-Planta-de-Reciclaje-1.jpg?fit=1181%2C787&ssl=1","jetpack_sharing_enabled":true,"_links":{"self":[{"href":"https:\/\/cdnoticias.com\/index.php\/wp-json\/wp\/v2\/posts\/24764","targetHints":{"allow":["GET"]}}],"collection":[{"href":"https:\/\/cdnoticias.com\/index.php\/wp-json\/wp\/v2\/posts"}],"about":[{"href":"https:\/\/cdnoticias.com\/index.php\/wp-json\/wp\/v2\/types\/post"}],"author":[{"embeddable":true,"href":"https:\/\/cdnoticias.com\/index.php\/wp-json\/wp\/v2\/users\/2"}],"replies":[{"embeddable":true,"href":"https:\/\/cdnoticias.com\/index.php\/wp-json\/wp\/v2\/comments?post=24764"}],"version-history":[{"count":0,"href":"https:\/\/cdnoticias.com\/index.php\/wp-json\/wp\/v2\/posts\/24764\/revisions"}],"wp:featuredmedia":[{"embeddable":true,"href":"https:\/\/cdnoticias.com\/index.php\/wp-json\/wp\/v2\/media\/24765"}],"wp:attachment":[{"href":"https:\/\/cdnoticias.com\/index.php\/wp-json\/wp\/v2\/media?parent=24764"}],"wp:term":[{"taxonomy":"category","embeddable":true,"href":"https:\/\/cdnoticias.com\/index.php\/wp-json\/wp\/v2\/categories?post=24764"},{"taxonomy":"post_tag","embeddable":true,"href":"https:\/\/cdnoticias.com\/index.php\/wp-json\/wp\/v2\/tags?post=24764"}],"curies":[{"name":"wp","href":"https:\/\/api.w.org\/{rel}","templated":true}]}}