{"id":24737,"date":"2021-06-23T09:13:34","date_gmt":"2021-06-23T12:13:34","guid":{"rendered":"http:\/\/www.centraldenoticias.com.ar\/?p=24737"},"modified":"2021-06-23T09:13:34","modified_gmt":"2021-06-23T12:13:34","slug":"repensar-la-intervencion-alimentacion-de-ninos-ninas-y-adolescentes-en-pandemia","status":"publish","type":"post","link":"https:\/\/cdnoticias.com\/index.php\/2021\/06\/23\/repensar-la-intervencion-alimentacion-de-ninos-ninas-y-adolescentes-en-pandemia\/","title":{"rendered":"\u201cRepensar la intervenci\u00f3n\u201d: alimentaci\u00f3n de ni\u00f1os, ni\u00f1as y adolescentes en pandemia"},"content":{"rendered":"<p>Se realiz\u00f3 un conversatorio sobre el tema. Participaron referentes del Gobierno Municipal, de la Defensor\u00eda General del Departamento Judicial de Azul, del Consejo Escolar y de un comedor barrial. Fue organizado por el Proincomsci (FACSO), el Ministerio de Ciencia Tecnolog\u00eda e Innovaci\u00f3n y la SECAT-UNICEN.<!--more--><\/p>\n<hr \/>\n<p><strong>El Conversatorio \u201cCOVID 19 y derecho a la alimentaci\u00f3n en ni\u00f1os, ni\u00f1as y adolescentes. Circuitos, pol\u00edticas y pr\u00e1cticas locales\u201d<\/strong> se llev\u00f3 adelante el viernes pasado y cont\u00f3 con la participaci\u00f3n de<strong> cinco invitadas e invitados que representan a distintos estamentos del Estado y de la comunidad barrial.<\/strong><\/p>\n<p>&nbsp;<\/p>\n<p>La charla forma parte del <strong>Ciclo \u201cConocer para actuar. Articulaciones institucionales en el marco del impacto del Covid 19\u201d<\/strong>, que es organizado por el Grupo Producciones e Investigaciones Comunicacionales y Sociales de la Ciudad Intermedia (Proincomsci-FACSO), el Ministerio de Ciencia Tecnolog\u00eda e Innovaci\u00f3n y la Secretar\u00eda de Ciencia, Arte y Tecnolog\u00eda (SECAT) de la UNICEN.<\/p>\n<p>&nbsp;<\/p>\n<p>En el Conversatorio participaron <em>Leonardo Wagner, coordinador del Servicio Alimentario Escolar del Consejo Escolar de Olavarr\u00eda; Silvana Rosales, Subsecretaria de Desarrollo Social de la Municipalidad de Olavarr\u00eda; Lorena Merlo, Presidenta de la Sociedad de Fomento Villa Mail\u00edn; Carolina Villanueva, representante de la Defensor\u00eda General del Departamento Judicial de Azul; y Valeria Chiramberro, Subsecretaria de Derechos, Igualdad y Oportunidades de la Municipalidad de Olavarr\u00eda<\/em>.<\/p>\n<p>&nbsp;<\/p>\n<p>La moderaci\u00f3n estuvo a cargo de las licenciadas In\u00e9s del \u00c1guila y Mayra Salazar, integrantes del Proincomsci-FACSO, quienes presentaron la charla que <a href=\"https:\/\/www.youtube.com\/watch?v=xPgcJvGrB_Y\" target=\"_blank\" rel=\"noopener\">se encuentra disponible en el Canal de Youtube de la FACSO<\/a>.<\/p>\n<p>&nbsp;<\/p>\n<p>El encuentro estuvo dividido en<strong> tres ejes<\/strong>:<em> los circuitos sociales de la gesti\u00f3n alimentaria a nivel local y las dificultades impuestas por la pandemia; las cuestiones estructurales en torno a la gesti\u00f3n alimentaria en ni\u00f1os, ni\u00f1as y adolescentes y la inclusi\u00f3n de la mirada de estos \u00faltimos en esas pol\u00edticas; y finalmente las interpelaciones y desaf\u00edos de la alimentaci\u00f3n en ni\u00f1os, ni\u00f1as y adolescentes en clave de la construcci\u00f3n de una agenda local<\/em>.<\/p>\n<p>&nbsp;<\/p>\n<p>Previamente, <strong>Carolina Villanueva ofreci\u00f3 un an\u00e1lisis del marco sociojur\u00eddico que rige en torno al derecho a la alimentaci\u00f3n<\/strong>, e hizo referencia a la importancia de que ni\u00f1os, ni\u00f1as y adolescentes tengan acceso en cantidad y calidad a los alimentos, situaci\u00f3n que, seg\u00fan defini\u00f3, deben garantizar los estados.<\/p>\n<p>&nbsp;<\/p>\n<p><strong>Los circuitos de gesti\u00f3n alimentaria<\/strong><\/p>\n<p>&nbsp;<\/p>\n<p>Durante el conversatorio<strong> se analizaron los circuitos de gesti\u00f3n alimentaria para ni\u00f1os, ni\u00f1as y adolescentes que acceden a estos servicios a trav\u00e9s de diferentes \u00e1reas<\/strong>, como lo son las escuelas v\u00eda el Consejo Escolar; o los servicios territoriales, jardines maternales municipales, centros de d\u00eda u hogares para adolescentes mediante distintas dependencias del Municipio de Olavarr\u00eda. Se evalu\u00f3 adem\u00e1s en este contexto los desaf\u00edos que trajo la pandemia para sostener la entrega de alimentos mediante bolsones o viandas que antes se ofrec\u00edan en desayunos o meriendas en las sedes de los distintos espacios educativos y sociales.<\/p>\n<p>&nbsp;<\/p>\n<blockquote><p>\u201cNos vimos obligados a salir al territorio, repensar el modo de intervenci\u00f3n\u201d, coment\u00f3 Valeria Chiramberro sobre el cambio en la modalidad de intervenci\u00f3n y v\u00ednculo con los y las adolescentes que antes del inicio de la pandemia concurr\u00edan a los hogares o servicios territoriales.<\/p><\/blockquote>\n<p>&nbsp;<\/p>\n<p>Al reflexionar sobre cuestiones estructurales que inciden directamente en la gesti\u00f3n alimentaria, el y las panelistas invitados se refirieron a problem\u00e1ticas como<strong> la cantidad de gente que realiza trabajos en condiciones irregulares<\/strong> y que durante los primeros meses del Aislamiento Social, Preventivo y Obligatorio no pudo hacerlo; as\u00ed como tambi\u00e9n la situaci\u00f3n de las <strong>personas que perdieron sus trabajos<\/strong>.<\/p>\n<p>&nbsp;<\/p>\n<p>Asimismo se discuti\u00f3 acerca de la <strong>falta de conectividad<\/strong> en los hogares m\u00e1s carenciados, la gran cantidad de familias con <strong>demandas habitacionales<\/strong> y la afectaci\u00f3n en lo <strong>emocional y lo psicol\u00f3gico<\/strong> que provocaron en ni\u00f1os, ni\u00f1as y adolescentes las medidas de restricci\u00f3n adoptadas en torno a la pandemia.<\/p>\n<p>&nbsp;<\/p>\n<p>Finalmente, en la evaluaci\u00f3n de los desaf\u00edos a futuro, se hizo referencia a situaciones como la <strong>importancia de que los mercados barriales tengan acceso de forma directa a la producci\u00f3n de alimentos de las quintas locales<\/strong> y a la necesidad de que se brinden m\u00e1s capacitaciones con salida laboral en los barrios. En este contexto, manifestaron que \u201cla construcci\u00f3n de una agenda local debe hacerse contemplando las voces de todas las instituciones y de la comunidad, de los territorios\u201d.<\/p>\n<p>&nbsp;<\/p>\n<p>Fuente: <em>Secretar\u00eda de Extensi\u00f3n, Bienestar y Transferencia de la Facultad de Ciencias Sociales<\/em><\/p>\n","protected":false},"excerpt":{"rendered":"<p>Se realiz\u00f3 un conversatorio sobre el tema. Participaron referentes del Gobierno Municipal, de la Defensor\u00eda General del Departamento Judicial de<\/p>\n","protected":false},"author":4,"featured_media":24738,"comment_status":"closed","ping_status":"closed","sticky":false,"template":"","format":"standard","meta":{"_jetpack_memberships_contains_paid_content":false,"footnotes":""},"categories":[5,1],"tags":[],"class_list":["post-24737","post","type-post","status-publish","format-standard","has-post-thumbnail","hentry","category-informacion-general","category-portada"],"jetpack_featured_media_url":"https:\/\/i0.wp.com\/cdnoticias.com\/wp-content\/uploads\/2021\/06\/FACSO-conversa.jpg?fit=1366%2C768&ssl=1","jetpack_sharing_enabled":true,"_links":{"self":[{"href":"https:\/\/cdnoticias.com\/index.php\/wp-json\/wp\/v2\/posts\/24737","targetHints":{"allow":["GET"]}}],"collection":[{"href":"https:\/\/cdnoticias.com\/index.php\/wp-json\/wp\/v2\/posts"}],"about":[{"href":"https:\/\/cdnoticias.com\/index.php\/wp-json\/wp\/v2\/types\/post"}],"author":[{"embeddable":true,"href":"https:\/\/cdnoticias.com\/index.php\/wp-json\/wp\/v2\/users\/4"}],"replies":[{"embeddable":true,"href":"https:\/\/cdnoticias.com\/index.php\/wp-json\/wp\/v2\/comments?post=24737"}],"version-history":[{"count":0,"href":"https:\/\/cdnoticias.com\/index.php\/wp-json\/wp\/v2\/posts\/24737\/revisions"}],"wp:featuredmedia":[{"embeddable":true,"href":"https:\/\/cdnoticias.com\/index.php\/wp-json\/wp\/v2\/media\/24738"}],"wp:attachment":[{"href":"https:\/\/cdnoticias.com\/index.php\/wp-json\/wp\/v2\/media?parent=24737"}],"wp:term":[{"taxonomy":"category","embeddable":true,"href":"https:\/\/cdnoticias.com\/index.php\/wp-json\/wp\/v2\/categories?post=24737"},{"taxonomy":"post_tag","embeddable":true,"href":"https:\/\/cdnoticias.com\/index.php\/wp-json\/wp\/v2\/tags?post=24737"}],"curies":[{"name":"wp","href":"https:\/\/api.w.org\/{rel}","templated":true}]}}