{"id":24733,"date":"2021-06-23T08:43:52","date_gmt":"2021-06-23T11:43:52","guid":{"rendered":"http:\/\/www.centraldenoticias.com.ar\/?p=24733"},"modified":"2021-06-23T10:46:16","modified_gmt":"2021-06-23T13:46:16","slug":"sin-condiciones-favorables-para-promocionar-la-temporada-de-invierno-en-la-provincia","status":"publish","type":"post","link":"https:\/\/cdnoticias.com\/index.php\/2021\/06\/23\/sin-condiciones-favorables-para-promocionar-la-temporada-de-invierno-en-la-provincia\/","title":{"rendered":"Sin condiciones favorables para \u201cpromocionar\u201d la temporada de invierno en la Provincia"},"content":{"rendered":"<p>Con vistas a las vacaciones de invierno y los viajes entre jurisdicciones, desde el Gobierno nacional se\u00f1alaron que \u201cno es algo que pueda definirse hoy\u201d. La postura de la Gobernaci\u00f3n bonaerense.<!--more--><\/p>\n<hr \/>\n<p><strong>A pocas semanas de las vacaciones de invierno, el Gobierno nacional se\u00f1al\u00f3 que a\u00fan es prematuro definir si habr\u00e1 o no turismo<\/strong>, aunque sostuvo que se est\u00e1 evaluando con las provincias y que depender\u00e1 de la situaci\u00f3n epidemiol\u00f3gica de cada municipio. Mientras tanto, <strong>desde la administraci\u00f3n de Axel Kicillof recordaron que los viajes entre jurisdicciones no est\u00e1n prohibidos, pero advirtieron que no har\u00e1n una \u201cpromoci\u00f3n\u201d de la temporada<\/strong>.<\/p>\n<p>&nbsp;<\/p>\n<p><strong>\u201cNo es algo que podemos definir en este momento\u201d, respondi\u00f3 este martes la ministra de Salud, Carla Vizzotti,<\/strong> consultada al respecto en el marco de una conferencia de prensa realizada en Casa Rosada. \u201cLo que podamos profundizar este descenso de casos va a ser muy importante para el turismo. Estamos trabajando para definirlo, no es algo que podamos definir ahora lo que va a pasar en semanas\u201d, ampli\u00f3.<\/p>\n<p>&nbsp;<\/p>\n<p>Por su parte, <a href=\"https:\/\/cdnoticias.com\/index.php\/2021\/06\/22\/con-importantes-cambios-en-el-mapa-provincial-olavarria-sigue-en-fase-4\/\" target=\"_blank\" rel=\"noopener\">en el marco de otra conferencia de prensa desde la Casa de Gobierno bonaerense<\/a>, <strong>el jefe de Gabinete, Carlos Bianco, se\u00f1al\u00f3 que \u201cno est\u00e1 previsto hacer una campa\u00f1a vacacional\u201d<\/strong> en la provincia al se\u00f1alar que <strong>\u201chay destinos tur\u00edsticos que a\u00fan est\u00e1n con una gran incidencia de casos\u201d<\/strong>.<\/p>\n<p>&nbsp;<\/p>\n<p><img data-recalc-dims=\"1\" loading=\"lazy\" decoding=\"async\" class=\"size-full wp-image-24642 aligncenter\" src=\"https:\/\/i0.wp.com\/cdnoticias.com\/wp-content\/uploads\/2021\/06\/conferencia-provincia-02-carlos-bianco.jpg?resize=800%2C445&#038;ssl=1\" alt=\"\" width=\"800\" height=\"445\" srcset=\"https:\/\/i0.wp.com\/cdnoticias.com\/wp-content\/uploads\/2021\/06\/conferencia-provincia-02-carlos-bianco.jpg?w=800&amp;ssl=1 800w, https:\/\/i0.wp.com\/cdnoticias.com\/wp-content\/uploads\/2021\/06\/conferencia-provincia-02-carlos-bianco.jpg?resize=300%2C167&amp;ssl=1 300w, https:\/\/i0.wp.com\/cdnoticias.com\/wp-content\/uploads\/2021\/06\/conferencia-provincia-02-carlos-bianco.jpg?resize=768%2C427&amp;ssl=1 768w\" sizes=\"auto, (max-width: 800px) 100vw, 800px\" \/><\/p>\n<p>&nbsp;<\/p>\n<p>No obstante, record\u00f3 que \u201cobviamente <strong>no est\u00e1 restringida la circulaci\u00f3n entre los distintos distritos ni la actividad hotelera<\/strong>, aunque s\u00ed normada con protocolos de cuidado\u201d.<\/p>\n<p>&nbsp;<\/p>\n<blockquote><p>\u201cNo estamos haciendo una campa\u00f1a de vacaciones de invierno porque la situaci\u00f3n no amerita, pero aquellos que quieran tomar un d\u00eda en alg\u00fan destino de manera cuidada est\u00e1n en su derecho\u201d a\u00f1adi\u00f3 el jefe de Gabinete.<\/p><\/blockquote>\n<p>&nbsp;<\/p>\n<p>Bianco, dijo que <strong>la Provincia no promocionar\u00e1 la temporada de vacaciones de invierno<\/strong>. \u201cPedimos que eso sea cuidado, como lo hemos hecho en la temporada de verano\u201d, agreg\u00f3 el jefe de Gabinete.<\/p>\n<p>&nbsp;<\/p>\n<p><img data-recalc-dims=\"1\" loading=\"lazy\" decoding=\"async\" class=\"size-large wp-image-24735 aligncenter\" src=\"https:\/\/i0.wp.com\/cdnoticias.com\/wp-content\/uploads\/2021\/06\/DIB-Carla-Vizzotti-conferencia.jpeg?resize=800%2C533&#038;ssl=1\" alt=\"\" width=\"800\" height=\"533\" srcset=\"https:\/\/i0.wp.com\/cdnoticias.com\/wp-content\/uploads\/2021\/06\/DIB-Carla-Vizzotti-conferencia.jpeg?w=1024&amp;ssl=1 1024w, https:\/\/i0.wp.com\/cdnoticias.com\/wp-content\/uploads\/2021\/06\/DIB-Carla-Vizzotti-conferencia.jpeg?resize=300%2C200&amp;ssl=1 300w, https:\/\/i0.wp.com\/cdnoticias.com\/wp-content\/uploads\/2021\/06\/DIB-Carla-Vizzotti-conferencia.jpeg?resize=768%2C512&amp;ssl=1 768w, https:\/\/i0.wp.com\/cdnoticias.com\/wp-content\/uploads\/2021\/06\/DIB-Carla-Vizzotti-conferencia.jpeg?resize=272%2C182&amp;ssl=1 272w\" sizes=\"auto, (max-width: 800px) 100vw, 800px\" \/><\/p>\n<p>&nbsp;<\/p>\n<p>Asimismo, <strong>Vizzotti se\u00f1al\u00f3 que \u201cnosotros nunca no vamos a querer que haya turismo<\/strong>. Lo que tenemos que ver es la situaci\u00f3n epidemiol\u00f3gica de cada departamento en funci\u00f3n de las normativas y los riesgos\u201d. Y agreg\u00f3: \u201cUn mensaje muy importante es que cuanto m\u00e1s nos cuidemos y bajemos los casos vamos a tener muchas m\u00e1s posibilidades de tener circulaci\u00f3n interjuridisccional\u201d.<\/p>\n<p>&nbsp;<\/p>\n<p>En ese sentido, ponder\u00f3 el esfuerzo del sector privado y de cada una de las provincias, y dijo que desde el Gobierno se encuentran en contacto evaluando las posibilidades.<\/p>\n<p>&nbsp;<\/p>\n<p>\u201cEstamos en contacto permanente con todas las provincias que tienen un impacto econ\u00f3mico con el tema del turismo. El turismo tiene un rol en la econom\u00eda del pa\u00eds y el turismo y el esparcimiento tienen un rol muy importante en la salud de general de la poblaci\u00f3n en este contexto de tanto estr\u00e9s e incertidumbre\u201d, sostuvo la funcionaria nacional.<\/p>\n<p>&nbsp;<\/p>\n<p>Fuente: <em>Agencia DIB<\/em><\/p>\n","protected":false},"excerpt":{"rendered":"<p>Con vistas a las vacaciones de invierno y los viajes entre jurisdicciones, desde el Gobierno nacional se\u00f1alaron que \u201cno es<\/p>\n","protected":false},"author":4,"featured_media":24734,"comment_status":"closed","ping_status":"closed","sticky":false,"template":"","format":"standard","meta":{"_jetpack_memberships_contains_paid_content":false,"footnotes":""},"categories":[6,1],"tags":[],"class_list":["post-24733","post","type-post","status-publish","format-standard","has-post-thumbnail","hentry","category-nacionales","category-portada"],"jetpack_featured_media_url":"https:\/\/i0.wp.com\/cdnoticias.com\/wp-content\/uploads\/2021\/06\/mar-del-plata-vacaciones-de-invierno.jpg?fit=1170%2C600&ssl=1","jetpack_sharing_enabled":true,"_links":{"self":[{"href":"https:\/\/cdnoticias.com\/index.php\/wp-json\/wp\/v2\/posts\/24733","targetHints":{"allow":["GET"]}}],"collection":[{"href":"https:\/\/cdnoticias.com\/index.php\/wp-json\/wp\/v2\/posts"}],"about":[{"href":"https:\/\/cdnoticias.com\/index.php\/wp-json\/wp\/v2\/types\/post"}],"author":[{"embeddable":true,"href":"https:\/\/cdnoticias.com\/index.php\/wp-json\/wp\/v2\/users\/4"}],"replies":[{"embeddable":true,"href":"https:\/\/cdnoticias.com\/index.php\/wp-json\/wp\/v2\/comments?post=24733"}],"version-history":[{"count":0,"href":"https:\/\/cdnoticias.com\/index.php\/wp-json\/wp\/v2\/posts\/24733\/revisions"}],"wp:featuredmedia":[{"embeddable":true,"href":"https:\/\/cdnoticias.com\/index.php\/wp-json\/wp\/v2\/media\/24734"}],"wp:attachment":[{"href":"https:\/\/cdnoticias.com\/index.php\/wp-json\/wp\/v2\/media?parent=24733"}],"wp:term":[{"taxonomy":"category","embeddable":true,"href":"https:\/\/cdnoticias.com\/index.php\/wp-json\/wp\/v2\/categories?post=24733"},{"taxonomy":"post_tag","embeddable":true,"href":"https:\/\/cdnoticias.com\/index.php\/wp-json\/wp\/v2\/tags?post=24733"}],"curies":[{"name":"wp","href":"https:\/\/api.w.org\/{rel}","templated":true}]}}