{"id":2473,"date":"2020-09-25T19:07:34","date_gmt":"2020-09-25T22:07:34","guid":{"rendered":"http:\/\/www.centraldenoticias.com.ar\/?p=2473"},"modified":"2020-09-25T19:10:48","modified_gmt":"2020-09-25T22:10:48","slug":"encuesta-sobre-el-nuevo-sistema-de-tratamiento-de-residuos","status":"publish","type":"post","link":"https:\/\/cdnoticias.com\/index.php\/2020\/09\/25\/encuesta-sobre-el-nuevo-sistema-de-tratamiento-de-residuos\/","title":{"rendered":"Encuesta sobre el nuevo sistema de tratamiento de residuos"},"content":{"rendered":"<p>En la jornada de este viernes se anunci\u00f3 la puesta en marcha de GIRO, el programa de gesti\u00f3n integral de residuos de Olavarr\u00eda. Para avanzar sobre estado de situaci\u00f3n local se lanz\u00f3 una encuesta para que responda la comunidad.<\/p>\n<hr \/>\n<p>&nbsp;<\/p>\n<p>\u201cLlevar adelante un proyecto muy ambicioso, recuperar residuos a partir de la separaci\u00f3n en origen y de la recolecci\u00f3n diferenciada. Es recuperar esos residuos para comercializarlos\u201d, de esa manera el intendente Ezequiel Galli explic\u00f3 este viernes en qu\u00e9 consiste GIRO, <a href=\"https:\/\/cdnoticias.com\/index.php\/2020\/09\/25\/olavarria-da-un-giro-para-reciclar-y-separar-residuos\/\">el programa de Gesti\u00f3n Integral de Residuos de Olavarr\u00eda que fue lanzado este viernes.<\/a><\/p>\n<p>&nbsp;<\/p>\n<p>La iniciativa se da en el marco de un convenio con la Fundaci\u00f3n Internacional sin fines de lucra Mc Kinsey. <strong>El proyecto \u2013que tendr\u00e1 un per\u00edodo inicial de duraci\u00f3n de tres a\u00f1os\u2013 prev\u00e9 la participaci\u00f3n de toda la comunidad en pos de construir un sistema de reciclaje sustentable, inclusivo y econ\u00f3micamente sostenible.<\/strong><\/p>\n<p>&nbsp;<\/p>\n<p><img data-recalc-dims=\"1\" loading=\"lazy\" decoding=\"async\" class=\"alignnone size-large wp-image-2435\" src=\"https:\/\/i0.wp.com\/cdnoticias.com\/wp-content\/uploads\/2020\/09\/ConferenciaReciclado.jpeg?resize=800%2C533&#038;ssl=1\" alt=\"\" width=\"800\" height=\"533\" srcset=\"https:\/\/i0.wp.com\/cdnoticias.com\/wp-content\/uploads\/2020\/09\/ConferenciaReciclado.jpeg?resize=1024%2C682&amp;ssl=1 1024w, https:\/\/i0.wp.com\/cdnoticias.com\/wp-content\/uploads\/2020\/09\/ConferenciaReciclado.jpeg?resize=300%2C200&amp;ssl=1 300w, https:\/\/i0.wp.com\/cdnoticias.com\/wp-content\/uploads\/2020\/09\/ConferenciaReciclado.jpeg?resize=768%2C512&amp;ssl=1 768w, https:\/\/i0.wp.com\/cdnoticias.com\/wp-content\/uploads\/2020\/09\/ConferenciaReciclado.jpeg?resize=272%2C182&amp;ssl=1 272w, https:\/\/i0.wp.com\/cdnoticias.com\/wp-content\/uploads\/2020\/09\/ConferenciaReciclado.jpeg?w=1280&amp;ssl=1 1280w\" sizes=\"auto, (max-width: 800px) 100vw, 800px\" \/><\/p>\n<p>&nbsp;<\/p>\n<p>Es por ello que, para entender la actualidad local en relaci\u00f3n a los residuos, se invita a la comunidad a responder una peque\u00f1a<strong> encuesta -que no tiene m\u00e1s de cinco minutos de duraci\u00f3n- que permitir\u00e1 conocer de qu\u00e9 manera los olavarrienses se relacionan con el reciclaje.<\/strong><\/p>\n<p>&nbsp;<\/p>\n<p>Para responder el cuestinario, que comprende de poco menos de 20 preguntas, <a href=\"https:\/\/es.surveymonkey.com\/r\/VTL9S82?utm_source=Press\">hace click aqu\u00ed.<\/a><\/p>\n<p>&nbsp;<\/p>\n","protected":false},"excerpt":{"rendered":"<p>En la jornada de este viernes se anunci\u00f3 la puesta en marcha de GIRO, el programa de gesti\u00f3n integral de<\/p>\n","protected":false},"author":3,"featured_media":2480,"comment_status":"closed","ping_status":"closed","sticky":false,"template":"","format":"standard","meta":{"_jetpack_memberships_contains_paid_content":false,"footnotes":""},"categories":[5,1],"tags":[],"class_list":["post-2473","post","type-post","status-publish","format-standard","has-post-thumbnail","hentry","category-informacion-general","category-portada"],"jetpack_featured_media_url":"https:\/\/i0.wp.com\/cdnoticias.com\/wp-content\/uploads\/2020\/09\/encuesta-1.jpg?fit=1350%2C714&ssl=1","jetpack_sharing_enabled":true,"_links":{"self":[{"href":"https:\/\/cdnoticias.com\/index.php\/wp-json\/wp\/v2\/posts\/2473","targetHints":{"allow":["GET"]}}],"collection":[{"href":"https:\/\/cdnoticias.com\/index.php\/wp-json\/wp\/v2\/posts"}],"about":[{"href":"https:\/\/cdnoticias.com\/index.php\/wp-json\/wp\/v2\/types\/post"}],"author":[{"embeddable":true,"href":"https:\/\/cdnoticias.com\/index.php\/wp-json\/wp\/v2\/users\/3"}],"replies":[{"embeddable":true,"href":"https:\/\/cdnoticias.com\/index.php\/wp-json\/wp\/v2\/comments?post=2473"}],"version-history":[{"count":0,"href":"https:\/\/cdnoticias.com\/index.php\/wp-json\/wp\/v2\/posts\/2473\/revisions"}],"wp:featuredmedia":[{"embeddable":true,"href":"https:\/\/cdnoticias.com\/index.php\/wp-json\/wp\/v2\/media\/2480"}],"wp:attachment":[{"href":"https:\/\/cdnoticias.com\/index.php\/wp-json\/wp\/v2\/media?parent=2473"}],"wp:term":[{"taxonomy":"category","embeddable":true,"href":"https:\/\/cdnoticias.com\/index.php\/wp-json\/wp\/v2\/categories?post=2473"},{"taxonomy":"post_tag","embeddable":true,"href":"https:\/\/cdnoticias.com\/index.php\/wp-json\/wp\/v2\/tags?post=2473"}],"curies":[{"name":"wp","href":"https:\/\/api.w.org\/{rel}","templated":true}]}}