{"id":24709,"date":"2021-06-22T16:40:59","date_gmt":"2021-06-22T19:40:59","guid":{"rendered":"http:\/\/www.centraldenoticias.com.ar\/?p=24709"},"modified":"2021-06-22T20:28:24","modified_gmt":"2021-06-22T23:28:24","slug":"garantias-dicto-la-preventiva-para-el-acusado-por-un-choque-fatal-en-laprida","status":"publish","type":"post","link":"https:\/\/cdnoticias.com\/index.php\/2021\/06\/22\/garantias-dicto-la-preventiva-para-el-acusado-por-un-choque-fatal-en-laprida\/","title":{"rendered":"Garant\u00edas dict\u00f3 la preventiva para el acusado por un choque fatal en Laprida"},"content":{"rendered":"<p>El caso, cuya instrucci\u00f3n es liderada por funcionarios judiciales olavarrienses, despert\u00f3 una importante conmoci\u00f3n en la vecina ciudad.<!--more--><\/p>\n<hr \/>\n<p><strong>En la tarde del \u00faltimo 18 de abril un siniestro vial enlut\u00f3 a la ciudad vecina de Laprida, dado que pocos minutos m\u00e1s tarde de la noticia del violento choque se confirmar\u00eda la muerte de un joven de 20 a\u00f1os<\/strong>, identificado como Nicol\u00e1s Joel P\u00e9rez Arias, adem\u00e1s de las severas lesiones que registraron las personas que viajaban junto a \u00e9l a bordo de un Renault Clio.<\/p>\n<p>&nbsp;<\/p>\n<p><strong>Ese dolor se corporiz\u00f3 tambi\u00e9n en indignaci\u00f3n y repudio, dando lugar a reiteradas y masivas marchas en pedido de justicia<\/strong>, reclamando medidas severas en contra del \u00fanico acusado que tiene la causa, Facundo Ariel Mend\u00eda, quien conduc\u00eda un Peugeot 306 aquella fat\u00eddica tarde.<\/p>\n<p>&nbsp;<\/p>\n<p>M\u00e1s all\u00e1 de la ligaz\u00f3n entre las dos comunidades, el hecho tambi\u00e9n se encuentra vinculado con Olavarr\u00eda dado que <strong>el fiscal Christian Url\u00e9zaga, y su equipo de trabajo de la UFI 7, tiene bajo su \u00f3rbita la ayudant\u00eda fiscal de la vecina ciudad, por lo que desde el recinto de justicia local se han seguido de\u00a0 cerca las novedades e impartido diversas directivas y requisitorias.<\/strong><\/p>\n<p>&nbsp;<\/p>\n<p><img data-recalc-dims=\"1\" loading=\"lazy\" decoding=\"async\" class=\"alignnone size-full wp-image-24710\" src=\"https:\/\/i0.wp.com\/cdnoticias.com\/wp-content\/uploads\/2021\/06\/marcha-nicolas-8.jpg?resize=800%2C447&#038;ssl=1\" alt=\"\" width=\"800\" height=\"447\" srcset=\"https:\/\/i0.wp.com\/cdnoticias.com\/wp-content\/uploads\/2021\/06\/marcha-nicolas-8.jpg?w=920&amp;ssl=1 920w, https:\/\/i0.wp.com\/cdnoticias.com\/wp-content\/uploads\/2021\/06\/marcha-nicolas-8.jpg?resize=300%2C168&amp;ssl=1 300w, https:\/\/i0.wp.com\/cdnoticias.com\/wp-content\/uploads\/2021\/06\/marcha-nicolas-8.jpg?resize=768%2C429&amp;ssl=1 768w\" sizes=\"auto, (max-width: 800px) 100vw, 800px\" \/><\/p>\n<p>&nbsp;<\/p>\n<p><em><strong>Central de Noticias<\/strong><\/em> logr\u00f3 conocer en ese marco que en las \u00faltimas horas se registraron importantes novedades y tiene que ver tambi\u00e9n con la intervenci\u00f3n de otro funcionario judicial olavarriense, en este caso <strong>la doctora Fabiana San Rom\u00e1n, del Juzgado de Garant\u00edas local N\u00b0 1, quien convirti\u00f3 en prisi\u00f3n preventiva la detenci\u00f3n del acusado.<\/strong><\/p>\n<p>&nbsp;<\/p>\n<p><strong>La medida podr\u00eda encuadrarse como una novedad teniendo en cuenta el tipo de delito que le reprocha penalmente<\/strong>. Si bien la preventiva hab\u00eda sido pedida entendiendo que los hechos se trataban de un homicidio simple, lesiones graves y lesiones leves, todo con dolo eventual y en concurso ideal de acciones, <strong>la magistrada local acompa\u00f1\u00f3 el planteo en cuanto a la aplicaci\u00f3n de la preventiva pero por los delitos de \u201chomicidio culposo agravado\u201d, \u201clesiones culposas graves y leves\u201d, todo en concurso ideal de acciones.<\/strong><\/p>\n<p>&nbsp;<\/p>\n<p>De acuerdo a los elementos con los que cuenta actualmente la investigaci\u00f3n, <strong>el acusado no s\u00f3lo habr\u00eda estado manejando en estado de ebriedad, sino que al momento de los hechos habr\u00eda estado bebiendo y tomando registro de eso con su tel\u00e9fono celular<\/strong>. El resto de los ocupantes del Clio sufrieron m\u00faltiples lesiones, algunas de ellas severas como fracturas y politraumatismos.<\/p>\n<p>&nbsp;<\/p>\n<p>Fotos Oh Laprida<\/p>\n","protected":false},"excerpt":{"rendered":"<p>El caso, cuya instrucci\u00f3n es liderada por funcionarios judiciales olavarrienses, despert\u00f3 una importante conmoci\u00f3n en la vecina ciudad.<\/p>\n","protected":false},"author":3,"featured_media":24711,"comment_status":"closed","ping_status":"closed","sticky":false,"template":"","format":"standard","meta":{"_jetpack_memberships_contains_paid_content":false,"footnotes":""},"categories":[6,1],"tags":[],"class_list":["post-24709","post","type-post","status-publish","format-standard","has-post-thumbnail","hentry","category-nacionales","category-portada"],"jetpack_featured_media_url":"https:\/\/i0.wp.com\/cdnoticias.com\/wp-content\/uploads\/2021\/06\/choque-independencia-9-julio-4.jpg?fit=920%2C514&ssl=1","jetpack_sharing_enabled":true,"_links":{"self":[{"href":"https:\/\/cdnoticias.com\/index.php\/wp-json\/wp\/v2\/posts\/24709","targetHints":{"allow":["GET"]}}],"collection":[{"href":"https:\/\/cdnoticias.com\/index.php\/wp-json\/wp\/v2\/posts"}],"about":[{"href":"https:\/\/cdnoticias.com\/index.php\/wp-json\/wp\/v2\/types\/post"}],"author":[{"embeddable":true,"href":"https:\/\/cdnoticias.com\/index.php\/wp-json\/wp\/v2\/users\/3"}],"replies":[{"embeddable":true,"href":"https:\/\/cdnoticias.com\/index.php\/wp-json\/wp\/v2\/comments?post=24709"}],"version-history":[{"count":0,"href":"https:\/\/cdnoticias.com\/index.php\/wp-json\/wp\/v2\/posts\/24709\/revisions"}],"wp:featuredmedia":[{"embeddable":true,"href":"https:\/\/cdnoticias.com\/index.php\/wp-json\/wp\/v2\/media\/24711"}],"wp:attachment":[{"href":"https:\/\/cdnoticias.com\/index.php\/wp-json\/wp\/v2\/media?parent=24709"}],"wp:term":[{"taxonomy":"category","embeddable":true,"href":"https:\/\/cdnoticias.com\/index.php\/wp-json\/wp\/v2\/categories?post=24709"},{"taxonomy":"post_tag","embeddable":true,"href":"https:\/\/cdnoticias.com\/index.php\/wp-json\/wp\/v2\/tags?post=24709"}],"curies":[{"name":"wp","href":"https:\/\/api.w.org\/{rel}","templated":true}]}}