{"id":24701,"date":"2021-06-22T16:50:24","date_gmt":"2021-06-22T19:50:24","guid":{"rendered":"http:\/\/www.centraldenoticias.com.ar\/?p=24701"},"modified":"2021-06-22T19:49:07","modified_gmt":"2021-06-22T22:49:07","slug":"nuevo-capitulo-de-personas-que-hacen-la-serie-producida-por-foro-olavarria","status":"publish","type":"post","link":"https:\/\/cdnoticias.com\/index.php\/2021\/06\/22\/nuevo-capitulo-de-personas-que-hacen-la-serie-producida-por-foro-olavarria\/","title":{"rendered":"Nuevo cap\u00edtulo de \u201cPersonas que hacen\u201d, la serie producida por Foro Olavarr\u00eda"},"content":{"rendered":"<p>\u201cHacemos visible esa mano que dan vecinos y organizaciones a la comunidad\u201d indic\u00f3 la coordinadora del Foro Social sobre la producci\u00f3n que re\u00fane historias de vecinos y vecinas que aportan a la comunidad.<!--more--><\/p>\n<hr \/>\n<p>Foro Olavarr\u00eda, el espacio que lideran la concejala In\u00e9s Creimer y el concejal Eduardo Rodr\u00edguez, estren\u00f3 el tercer cap\u00edtulo de \u201cPersonas que hacen\u201d,<strong> la serie que re\u00fane la historia de vecinos y vecinas que aportan su ayuda a la comunidad.<\/strong><\/p>\n<p>&nbsp;<\/p>\n<p>En esta oportunidad se conoci\u00f3 el relato de <strong>\u00c1ngela Parra, colaboradora de la Sociedad de Fomento Provincias Unidas.<\/strong> Su producci\u00f3n estuvo a cargo del equipo conformado por Agust\u00edn Alfonzo, Gonzalo Cabri y Luis Donatelli, y puede verse por las redes sociales del espacio.<\/p>\n<p>&nbsp;<\/p>\n<div class=\"jetpack-video-wrapper\"><iframe loading=\"lazy\" width=\"800\" height=\"450\" src=\"https:\/\/www.youtube.com\/embed\/dpOO8ArIxM4?feature=oembed\" frameborder=\"0\" allow=\"accelerometer; autoplay; clipboard-write; encrypted-media; gyroscope; picture-in-picture\" allowfullscreen><\/iframe><\/div>\n<p>&nbsp;<\/p>\n<p><strong>Liz Herrera, coordinadora del Foro Social del Foro Olavarr\u00eda, y Luis Donatelli, integrante del Foro Olavarr\u00eda,<\/strong> brindaron sus reflexiones acerca del espacio y el valor de visibilizar el accionar de vecinos y vecinas a trav\u00e9s de la serie. \u201c<em>\u2018Personas que hacen\u2019 es el eje que orienta nuestra actividad en el Foro Social\u201d<\/em>, se\u00f1al\u00f3 Liz Herrera, y agreg\u00f3: <strong><em>\u201chacemos visible esa mano que dan vecinos y organizaciones a la comunidad\u201d.<\/em><\/strong><\/p>\n<p>&nbsp;<\/p>\n<p><img data-recalc-dims=\"1\" loading=\"lazy\" decoding=\"async\" class=\"alignnone size-full wp-image-24703\" src=\"https:\/\/i0.wp.com\/cdnoticias.com\/wp-content\/uploads\/2021\/06\/luis-Liz.jpg?resize=800%2C450&#038;ssl=1\" alt=\"\" width=\"800\" height=\"450\" srcset=\"https:\/\/i0.wp.com\/cdnoticias.com\/wp-content\/uploads\/2021\/06\/luis-Liz.jpg?w=1280&amp;ssl=1 1280w, https:\/\/i0.wp.com\/cdnoticias.com\/wp-content\/uploads\/2021\/06\/luis-Liz.jpg?resize=300%2C169&amp;ssl=1 300w, https:\/\/i0.wp.com\/cdnoticias.com\/wp-content\/uploads\/2021\/06\/luis-Liz.jpg?resize=768%2C432&amp;ssl=1 768w, https:\/\/i0.wp.com\/cdnoticias.com\/wp-content\/uploads\/2021\/06\/luis-Liz.jpg?resize=1024%2C576&amp;ssl=1 1024w\" sizes=\"auto, (max-width: 800px) 100vw, 800px\" \/><\/p>\n<p>&nbsp;<\/p>\n<p>Por su parte, <strong>Luis Donatelli<\/strong> aport\u00f3 que <em>\u201cesta serie es una correlaci\u00f3n de lo que venimos trabajando dentro del Foro Olavarr\u00eda\u201d. <\/em>Adem\u00e1s explic\u00f3\u00a0que <em>\u201cla idea es salir a la calle en busca de personas que hagan algo por su comunidad. Es una b\u00fasqueda para llegar a distintos espacios y relatos\u201d<\/em>.<\/p>\n<p>&nbsp;<\/p>\n<blockquote><p>\u201cHacer este tipo de producciones significa poder visibilizar el aporte de muchas personas que trabajan desde la invisibilidad\u201d, concluy\u00f3 Donatelli.<\/p><\/blockquote>\n<p>&nbsp;<\/p>\n<p>El Foro Social del Foro Olavarr\u00eda destac\u00f3 la intenci\u00f3n de generar un espacio que atienda las necesidades concretas de vecinas y vecinos, mediante la <strong>articulaci\u00f3n con distintos organismos Nacionales y Provinciales, y en red con organizaciones sociales y el bloque de concejales del Foro Olavarr\u00eda.<\/strong><\/p>\n<p>&nbsp;<\/p>\n<p>La coordinadora del Foro Social, Liz Herrera, sostuvo que <em>\u201cnuestra tarea es gestionar, operar como nexo, buscar la forma m\u00e1s directa para asistir al vecino con alguna emergencia\u201d.<\/em> Adem\u00e1s asegur\u00f3 que<em> \u201cexisten los recursos para concretar estas acciones, nuestro objetivo es activar ese canal y concretar la respuesta\u201d.<\/em><\/p>\n","protected":false},"excerpt":{"rendered":"<p>\u201cHacemos visible esa mano que dan vecinos y organizaciones a la comunidad\u201d indic\u00f3 la coordinadora del Foro Social sobre la<\/p>\n","protected":false},"author":5,"featured_media":24702,"comment_status":"closed","ping_status":"closed","sticky":false,"template":"","format":"standard","meta":{"_jetpack_memberships_contains_paid_content":false,"footnotes":""},"categories":[5,1],"tags":[],"class_list":["post-24701","post","type-post","status-publish","format-standard","has-post-thumbnail","hentry","category-informacion-general","category-portada"],"jetpack_featured_media_url":"https:\/\/i0.wp.com\/cdnoticias.com\/wp-content\/uploads\/2021\/06\/foroolavarria.jpg?fit=1180%2C615&ssl=1","jetpack_sharing_enabled":true,"_links":{"self":[{"href":"https:\/\/cdnoticias.com\/index.php\/wp-json\/wp\/v2\/posts\/24701","targetHints":{"allow":["GET"]}}],"collection":[{"href":"https:\/\/cdnoticias.com\/index.php\/wp-json\/wp\/v2\/posts"}],"about":[{"href":"https:\/\/cdnoticias.com\/index.php\/wp-json\/wp\/v2\/types\/post"}],"author":[{"embeddable":true,"href":"https:\/\/cdnoticias.com\/index.php\/wp-json\/wp\/v2\/users\/5"}],"replies":[{"embeddable":true,"href":"https:\/\/cdnoticias.com\/index.php\/wp-json\/wp\/v2\/comments?post=24701"}],"version-history":[{"count":0,"href":"https:\/\/cdnoticias.com\/index.php\/wp-json\/wp\/v2\/posts\/24701\/revisions"}],"wp:featuredmedia":[{"embeddable":true,"href":"https:\/\/cdnoticias.com\/index.php\/wp-json\/wp\/v2\/media\/24702"}],"wp:attachment":[{"href":"https:\/\/cdnoticias.com\/index.php\/wp-json\/wp\/v2\/media?parent=24701"}],"wp:term":[{"taxonomy":"category","embeddable":true,"href":"https:\/\/cdnoticias.com\/index.php\/wp-json\/wp\/v2\/categories?post=24701"},{"taxonomy":"post_tag","embeddable":true,"href":"https:\/\/cdnoticias.com\/index.php\/wp-json\/wp\/v2\/tags?post=24701"}],"curies":[{"name":"wp","href":"https:\/\/api.w.org\/{rel}","templated":true}]}}