{"id":24698,"date":"2021-06-22T16:50:02","date_gmt":"2021-06-22T19:50:02","guid":{"rendered":"http:\/\/www.centraldenoticias.com.ar\/?p=24698"},"modified":"2021-06-22T18:23:06","modified_gmt":"2021-06-22T21:23:06","slug":"nativa-seguros-impulsa-la-campana-solidaria-abrigo","status":"publish","type":"post","link":"https:\/\/cdnoticias.com\/index.php\/2021\/06\/22\/nativa-seguros-impulsa-la-campana-solidaria-abrigo\/","title":{"rendered":"Nativa Seguros impulsa la campa\u00f1a solidaria \u201cAbrigo\u201d"},"content":{"rendered":"<p>Se recibir\u00e1n donaciones de mantas, frazadas y prendas de vestir, todo en beneficio de Red Solidaria Olavarr\u00eda. <strong>C\u00f3mo colaborar<\/strong>.<!--more--><\/p>\n<hr \/>\n<p><strong>Nativa Seguros lanz\u00f3 este lunes la campa\u00f1a solidaria \u201cAbrigo\u201d, con la que buscar\u00e1 reunir donaciones para colaborar con Red Solidaria Olavarr\u00eda<\/strong>. La iniciativa, seg\u00fan se expres\u00f3, se enmarca en las pol\u00edticas de responsabilidad social empresarial, adem\u00e1s del compromiso social con la comunidad de nuestro partido.<\/p>\n<p>&nbsp;<\/p>\n<p>Se detall\u00f3 que <strong>hasta el 21 de julio se recibir\u00e1n donaciones de mantas, frazadas, ropa en buen estado y alimentos no perecederos que podr\u00e1n ser acercadas a la casa central de Nativa Seguros, en Dorrego esquina Rivadavia<\/strong>.<\/p>\n<p>&nbsp;<\/p>\n<p>A la par, tambi\u00e9n se ofrecieron como v\u00edas de comunicaci\u00f3n <strong>la l\u00ednea telef\u00f3nica 02284 440 440 o el correo electr\u00f3nico abrigo@nativaseguros.com.ar para coordinar la log\u00edstica de la entrega de las donaciones<\/strong>.<\/p>\n<p>&nbsp;<\/p>\n<p>Por \u00faltimo, se relat\u00f3 que Red Solidaria Olavarr\u00eda es una organizaci\u00f3n que funciona hace 13 a\u00f1os y que <strong>en la actualidad asiste a m\u00e1s de 460 familias, dado que la pandemia ha agravado la situaci\u00f3n de muchas de ellas.<\/strong><\/p>\n","protected":false},"excerpt":{"rendered":"<p>Se recibir\u00e1n donaciones de mantas, frazadas y prendas de vestir, todo en beneficio de Red Solidaria Olavarr\u00eda. C\u00f3mo colaborar.<\/p>\n","protected":false},"author":3,"featured_media":24699,"comment_status":"closed","ping_status":"closed","sticky":false,"template":"","format":"standard","meta":{"_jetpack_memberships_contains_paid_content":false,"footnotes":""},"categories":[5,1],"tags":[],"class_list":["post-24698","post","type-post","status-publish","format-standard","has-post-thumbnail","hentry","category-informacion-general","category-portada"],"jetpack_featured_media_url":"https:\/\/i0.wp.com\/cdnoticias.com\/wp-content\/uploads\/2021\/06\/abrigo-nativa.jpg?fit=800%2C445&ssl=1","jetpack_sharing_enabled":true,"_links":{"self":[{"href":"https:\/\/cdnoticias.com\/index.php\/wp-json\/wp\/v2\/posts\/24698","targetHints":{"allow":["GET"]}}],"collection":[{"href":"https:\/\/cdnoticias.com\/index.php\/wp-json\/wp\/v2\/posts"}],"about":[{"href":"https:\/\/cdnoticias.com\/index.php\/wp-json\/wp\/v2\/types\/post"}],"author":[{"embeddable":true,"href":"https:\/\/cdnoticias.com\/index.php\/wp-json\/wp\/v2\/users\/3"}],"replies":[{"embeddable":true,"href":"https:\/\/cdnoticias.com\/index.php\/wp-json\/wp\/v2\/comments?post=24698"}],"version-history":[{"count":0,"href":"https:\/\/cdnoticias.com\/index.php\/wp-json\/wp\/v2\/posts\/24698\/revisions"}],"wp:featuredmedia":[{"embeddable":true,"href":"https:\/\/cdnoticias.com\/index.php\/wp-json\/wp\/v2\/media\/24699"}],"wp:attachment":[{"href":"https:\/\/cdnoticias.com\/index.php\/wp-json\/wp\/v2\/media?parent=24698"}],"wp:term":[{"taxonomy":"category","embeddable":true,"href":"https:\/\/cdnoticias.com\/index.php\/wp-json\/wp\/v2\/categories?post=24698"},{"taxonomy":"post_tag","embeddable":true,"href":"https:\/\/cdnoticias.com\/index.php\/wp-json\/wp\/v2\/tags?post=24698"}],"curies":[{"name":"wp","href":"https:\/\/api.w.org\/{rel}","templated":true}]}}