{"id":2469,"date":"2020-09-25T18:52:48","date_gmt":"2020-09-25T21:52:48","guid":{"rendered":"http:\/\/www.centraldenoticias.com.ar\/?p=2469"},"modified":"2020-09-25T19:33:52","modified_gmt":"2020-09-25T22:33:52","slug":"presentan-los-resultados-de-la-primera-encuesta-sobre-gestion-menstrual","status":"publish","type":"post","link":"https:\/\/cdnoticias.com\/index.php\/2020\/09\/25\/presentan-los-resultados-de-la-primera-encuesta-sobre-gestion-menstrual\/","title":{"rendered":"Presentan los resultados de la primera encuesta sobre gesti\u00f3n menstrual"},"content":{"rendered":"<p>&nbsp;<\/p>\n<p>La concejala In\u00e9s Creimer particip\u00f3 de la presentaci\u00f3n del informe para pol\u00edticas p\u00fablicas sobre gesti\u00f3n menstrual. En el Concejo Deliberante se analiza un proyecto para garantizar el acceso equitativo a productos de cuidado.<strong> Los resultados de la encuesta.<\/strong><!--more--><\/p>\n<hr \/>\n<p>La concejala del Foro Olavarr\u00eda, In\u00e9s Creimer, particip\u00f3 de la presentaci\u00f3n del informe <strong>&#8220;Aporte para el dise\u00f1o de pol\u00edticas p\u00fablicas sobre gesti\u00f3n menstrual&#8221;<\/strong> realizado por la Defensor\u00eda del Pueblo bonaerense.<\/p>\n<p>&nbsp;<\/p>\n<p>El encuentro estuvo presidido por Guido Lorenzino, defensor del Pueblo de la Provincia de buenos Aires, Estela D\u00edaz, ministra de las Mujeres Pol\u00edticas de G\u00e9nero y Diversidad Sexual de la Provincia de Buenos Aires, Mercedes D&#8217;Alessandro , Directora Nacional de Econom\u00eda, Igualdad y G\u00e9nero y Daniela Vilar, Diputada Nacional.<\/p>\n<p>&nbsp;<\/p>\n<p>En la oportunidad se presentaron los resultados de la primera encuesta para <strong>conocer el uso y los saberes que poseen sobre la menstruaci\u00f3n y los productos para gestionarla, las personas menstruantes.<\/strong><\/p>\n<p>&nbsp;<\/p>\n<p>Creimer destac\u00f3 la importancia del Informe, teniendo en cuenta que <strong>el Concejo Deliberante de Olavarr\u00eda se encuentra trabajando en la Comisi\u00f3n de Salud sobre un proyecto de ordenanza de gesti\u00f3n menstrual<\/strong> que present\u00f3 el Interbloque Frente de Todos.<\/p>\n<p>&nbsp;<\/p>\n<p>Sobre el informe, In\u00e9s Creimer se\u00f1al\u00f3 que <strong>el cuestionario se realiz\u00f3 en forma virtual y m\u00e1s de 1.600 personas respondieron<\/strong> sobre la copa menstrual, la necesidad de beneficios y mayor promoci\u00f3n, y la presencia de este tema en la ESI.<\/p>\n<p>&nbsp;<\/p>\n<p>Durante la presentaci\u00f3n, la Ministra de Mujeres, Pol\u00edticas de G\u00e9nero y Diversidad sexual de la provincia de Buenos Aires, Estela D\u00edaz, destac\u00f3 que<em> \u201ces central para las mujeres y las personas menstruantes abordar este tema\u201d<\/em> y destac\u00f3<em> \u201clas iniciativas en conjunto que se realizan con la Defensor\u00eda y que coloque una encuesta con estas caracter\u00edsticas y los datos de esta primera encuesta\u201d.<\/em><\/p>\n<p>&nbsp;<\/p>\n<p><img data-recalc-dims=\"1\" loading=\"lazy\" decoding=\"async\" class=\"alignnone size-full wp-image-2474\" src=\"https:\/\/i0.wp.com\/cdnoticias.com\/wp-content\/uploads\/2020\/09\/inescreimerreunion-2.jpg?resize=800%2C500&#038;ssl=1\" alt=\"\" width=\"800\" height=\"500\" srcset=\"https:\/\/i0.wp.com\/cdnoticias.com\/wp-content\/uploads\/2020\/09\/inescreimerreunion-2.jpg?w=800&amp;ssl=1 800w, https:\/\/i0.wp.com\/cdnoticias.com\/wp-content\/uploads\/2020\/09\/inescreimerreunion-2.jpg?resize=300%2C188&amp;ssl=1 300w, https:\/\/i0.wp.com\/cdnoticias.com\/wp-content\/uploads\/2020\/09\/inescreimerreunion-2.jpg?resize=768%2C480&amp;ssl=1 768w\" sizes=\"auto, (max-width: 800px) 100vw, 800px\" \/><\/p>\n<p>&nbsp;<\/p>\n<p><strong>A favor de los reutilizables<\/strong><\/p>\n<p>&nbsp;<\/p>\n<p>El trabajo arroj\u00f3 que <strong>el 91% est\u00e1 de acuerdo con la promoci\u00f3n del uso de los productos reutilizables<\/strong>, como as\u00ed tambi\u00e9n la <strong>eliminaci\u00f3n del IVA y la provisi\u00f3n gratuita por parte del Estado.<\/strong><\/p>\n<p>&nbsp;<\/p>\n<p>Seg\u00fan la encuesta, las <strong>copas menstruales<\/strong>, a pesar de haberse instalado hace pocos a\u00f1os como una alternativa sustentable a los productos descartables, son casi tan conocidas para quienes menstr\u00faan como las toallas higi\u00e9nicas y los tampones.<\/p>\n<p>&nbsp;<\/p>\n<p>Sin embargo, <strong>el 75% todav\u00eda elige utilizar productos desechables para absorber el sangrado menstrual.<\/strong> Entre los principales motivos se destacan la facilidad para usarlos y conseguirlos.<\/p>\n<p>&nbsp;<\/p>\n<p><strong>Productos caros<\/strong><\/p>\n<p>&nbsp;<\/p>\n<p>En esa l\u00ednea, el informe mostr\u00f3 que<strong> m\u00e1s del 67% consider\u00f3 que los productos para gestionar el sangrado son \u201ccaros o muy caros\u201d<\/strong>, y un 75% mencion\u00f3 que opt\u00f3 por aquellos que son desechables, por la facilidad para usarlos y conseguirlos.<\/p>\n<p>&nbsp;<\/p>\n<p>Adem\u00e1s,<strong> 7 de cada 10 personas que menstr\u00faan afirmaron haber tenido que modificar sus h\u00e1bitos en el uso de estos productos por motivos o dificultades econ\u00f3micas<\/strong>: m\u00e1s del 70% tuvo que optar por marcas o productos m\u00e1s econ\u00f3micos, mientras que el 26% debi\u00f3 comprar menos cantidad y\/u optimizar su uso.<\/p>\n<p>&nbsp;<\/p>\n<p><strong>Falta informaci\u00f3n<\/strong><\/p>\n<p>&nbsp;<\/p>\n<p>La encuesta tambi\u00e9n mostr\u00f3 que <strong>un 32% reconoci\u00f3 no haber recibido informaci\u00f3n antes de comenzar a menstruar, trepando a un 43% si se trata de personas mayores de 50 a\u00f1os.<\/strong> En la actualidad, los medios web y las redes sociales (48,9%) aparecen como las principales fuentes de informaci\u00f3n sobre productos de gesti\u00f3n menstrual.<\/p>\n<p>&nbsp;<\/p>\n<p>En cuanto a la edad promedio en que realizaron su <strong>primera consulta a un\/a profesional de la salud<\/strong>, los indicadores estiman que fue <strong>5 a\u00f1os despu\u00e9s de haber comenzado a menstruar<\/strong>, y s\u00f3lo el 8,7% respondi\u00f3 que fue motivada para conocer sobre el ciclo menstrual y los productos para gestionar el sangrado. Un 47,9% indic\u00f3 haber dejado de ir a la escuela o a la facultad durante la menstruaci\u00f3n.<\/p>\n<p>&nbsp;<\/p>\n<p>Ante este panorama, la encuesta indic\u00f3 que <strong>9 de cada 10 personas est\u00e1 de acuerdo en que se incorpore a la menstruaci\u00f3n como contenido educativo en el marco de la Educaci\u00f3n Sexual Integral (ESI).<\/strong><\/p>\n","protected":false},"excerpt":{"rendered":"<p>&nbsp; La concejala In\u00e9s Creimer particip\u00f3 de la presentaci\u00f3n del informe para pol\u00edticas p\u00fablicas sobre gesti\u00f3n menstrual. En el Concejo<\/p>\n","protected":false},"author":5,"featured_media":2475,"comment_status":"closed","ping_status":"closed","sticky":false,"template":"","format":"standard","meta":{"_jetpack_memberships_contains_paid_content":false,"footnotes":""},"categories":[3,1],"tags":[],"class_list":["post-2469","post","type-post","status-publish","format-standard","has-post-thumbnail","hentry","category-genero","category-portada"],"jetpack_featured_media_url":"https:\/\/i0.wp.com\/cdnoticias.com\/wp-content\/uploads\/2020\/09\/5ed1452b52077_menstruacion-400.jpg?fit=400%2C400&ssl=1","jetpack_sharing_enabled":true,"_links":{"self":[{"href":"https:\/\/cdnoticias.com\/index.php\/wp-json\/wp\/v2\/posts\/2469","targetHints":{"allow":["GET"]}}],"collection":[{"href":"https:\/\/cdnoticias.com\/index.php\/wp-json\/wp\/v2\/posts"}],"about":[{"href":"https:\/\/cdnoticias.com\/index.php\/wp-json\/wp\/v2\/types\/post"}],"author":[{"embeddable":true,"href":"https:\/\/cdnoticias.com\/index.php\/wp-json\/wp\/v2\/users\/5"}],"replies":[{"embeddable":true,"href":"https:\/\/cdnoticias.com\/index.php\/wp-json\/wp\/v2\/comments?post=2469"}],"version-history":[{"count":0,"href":"https:\/\/cdnoticias.com\/index.php\/wp-json\/wp\/v2\/posts\/2469\/revisions"}],"wp:featuredmedia":[{"embeddable":true,"href":"https:\/\/cdnoticias.com\/index.php\/wp-json\/wp\/v2\/media\/2475"}],"wp:attachment":[{"href":"https:\/\/cdnoticias.com\/index.php\/wp-json\/wp\/v2\/media?parent=2469"}],"wp:term":[{"taxonomy":"category","embeddable":true,"href":"https:\/\/cdnoticias.com\/index.php\/wp-json\/wp\/v2\/categories?post=2469"},{"taxonomy":"post_tag","embeddable":true,"href":"https:\/\/cdnoticias.com\/index.php\/wp-json\/wp\/v2\/tags?post=2469"}],"curies":[{"name":"wp","href":"https:\/\/api.w.org\/{rel}","templated":true}]}}