{"id":24675,"date":"2021-06-22T14:42:20","date_gmt":"2021-06-22T17:42:20","guid":{"rendered":"http:\/\/www.centraldenoticias.com.ar\/?p=24675"},"modified":"2021-06-22T14:42:20","modified_gmt":"2021-06-22T17:42:20","slug":"sierra-chica-robaron-un-vehiculo-y-aparecio-por-la-manana","status":"publish","type":"post","link":"https:\/\/cdnoticias.com\/index.php\/2021\/06\/22\/sierra-chica-robaron-un-vehiculo-y-aparecio-por-la-manana\/","title":{"rendered":"Sierra Chica: robaron un veh\u00edculo y apareci\u00f3 por la ma\u00f1ana"},"content":{"rendered":"<p>El hecho se registr\u00f3 en la noche del lunes y se \u201cresolvi\u00f3\u201d este martes por la ma\u00f1ana. Dentro del veh\u00edculo encontraron cuchillos, y presumen que ser\u00eda utilizado para realizar abigeatos.\u00a0<!--more--><\/p>\n<hr \/>\n<p>En la noche del pasado lunes<strong>, un hombre denunci\u00f3 que le hab\u00edan robado el auto de la puerta de su casa, ubicada en Sierra Chica. Apareci\u00f3 en la ma\u00f1ana de este martes a 10 kil\u00f3metros de la localidad con cuchillos adentro<\/strong>, y analizan los motivos por los cuales dejaron esos elementos.<\/p>\n<p>&nbsp;<\/p>\n<p>Seg\u00fan logr\u00f3 saber Central de Noticias, <strong>el hombre denunci\u00f3 el robo de su auto, un Fiat Regata<\/strong>, que ten\u00eda ciertas particularidades que lo hac\u00edan reconocible, tales como el color, y un vidrio roto que hab\u00eda sido tapado con una bolsa negra.<\/p>\n<p>&nbsp;<\/p>\n<p>Tras denunciar el hecho, <strong>este martes por la ma\u00f1ana el veh\u00edculo apareci\u00f3 a 10 kil\u00f3metros de la localidad, con la particularidad de que dejaron cuchillos dentro del habit\u00e1culo.<\/strong><\/p>\n<p>&nbsp;<\/p>\n<p><strong>Se presume, tras este hallazgo, que el auto robado ser\u00eda utilizado como veh\u00edculo log\u00edstico en posibles hechos de abigeato<\/strong>, algo que se encuentra en investigaci\u00f3n.<\/p>\n","protected":false},"excerpt":{"rendered":"<p>El hecho se registr\u00f3 en la noche del lunes y se \u201cresolvi\u00f3\u201d este martes por la ma\u00f1ana. Dentro del veh\u00edculo<\/p>\n","protected":false},"author":2,"featured_media":21507,"comment_status":"closed","ping_status":"closed","sticky":false,"template":"","format":"standard","meta":{"_jetpack_memberships_contains_paid_content":false,"footnotes":""},"categories":[14,1],"tags":[],"class_list":["post-24675","post","type-post","status-publish","format-standard","has-post-thumbnail","hentry","category-policiales","category-portada"],"jetpack_featured_media_url":"https:\/\/i0.wp.com\/cdnoticias.com\/wp-content\/uploads\/2021\/05\/Trabajos-Sierra-Chica-2-1024x576.jpg?fit=1024%2C576&ssl=1","jetpack_sharing_enabled":true,"_links":{"self":[{"href":"https:\/\/cdnoticias.com\/index.php\/wp-json\/wp\/v2\/posts\/24675","targetHints":{"allow":["GET"]}}],"collection":[{"href":"https:\/\/cdnoticias.com\/index.php\/wp-json\/wp\/v2\/posts"}],"about":[{"href":"https:\/\/cdnoticias.com\/index.php\/wp-json\/wp\/v2\/types\/post"}],"author":[{"embeddable":true,"href":"https:\/\/cdnoticias.com\/index.php\/wp-json\/wp\/v2\/users\/2"}],"replies":[{"embeddable":true,"href":"https:\/\/cdnoticias.com\/index.php\/wp-json\/wp\/v2\/comments?post=24675"}],"version-history":[{"count":0,"href":"https:\/\/cdnoticias.com\/index.php\/wp-json\/wp\/v2\/posts\/24675\/revisions"}],"wp:featuredmedia":[{"embeddable":true,"href":"https:\/\/cdnoticias.com\/index.php\/wp-json\/wp\/v2\/media\/21507"}],"wp:attachment":[{"href":"https:\/\/cdnoticias.com\/index.php\/wp-json\/wp\/v2\/media?parent=24675"}],"wp:term":[{"taxonomy":"category","embeddable":true,"href":"https:\/\/cdnoticias.com\/index.php\/wp-json\/wp\/v2\/categories?post=24675"},{"taxonomy":"post_tag","embeddable":true,"href":"https:\/\/cdnoticias.com\/index.php\/wp-json\/wp\/v2\/tags?post=24675"}],"curies":[{"name":"wp","href":"https:\/\/api.w.org\/{rel}","templated":true}]}}