{"id":24671,"date":"2021-06-22T14:50:33","date_gmt":"2021-06-22T17:50:33","guid":{"rendered":"http:\/\/www.centraldenoticias.com.ar\/?p=24671"},"modified":"2021-06-22T16:28:05","modified_gmt":"2021-06-22T19:28:05","slug":"un-ciclista-se-encuentra-en-grave-estado-tras-un-siniestro-vial-en-ruta-226","status":"publish","type":"post","link":"https:\/\/cdnoticias.com\/index.php\/2021\/06\/22\/un-ciclista-se-encuentra-en-grave-estado-tras-un-siniestro-vial-en-ruta-226\/","title":{"rendered":"Un ciclista se encuentra en grave estado tras un siniestro vial en ruta 226"},"content":{"rendered":"<p>En primera instancia, se presume que se cay\u00f3 tras el pase de un veh\u00edculo a gran velocidad. Ingres\u00f3 al Hospital Municipal con heridas de gravedad.\u00a0<!--more--><\/p>\n<hr \/>\n<p>En el mediod\u00eda de este martes, <strong>un ciclista result\u00f3 con heridas de gravedad tras protagonizar un siniestro vial en la ruta 226, a pocos kil\u00f3metros del acceso a Colonia Nievas.<\/strong><\/p>\n<p>&nbsp;<\/p>\n<p>El hecho se produjo a la altura del kil\u00f3metro 271 de la autov\u00eda. Las causas ser\u00e1n analizadas por personal de Polic\u00eda Cient\u00edfica, pero<strong> las primeras versiones dan cuenta de una ca\u00edda en plena ruta tras haber sido sobrepasado por un veh\u00edculo de gran porte a fuerte velocidad.<\/strong><\/p>\n<p>&nbsp;<\/p>\n<p>Por la ca\u00edda, el ciclista sufri\u00f3 algunas fracturas y un fuerte golpe en la cabeza, y <strong>fue trasladado de urgencia al Hospital Municipal, donde se le realizaban las curaciones de emergencia en Terapia Intensiva.<\/strong><\/p>\n<p>&nbsp;<\/p>\n<p>El lugar, hasta tanto el trabajo de los peritos, <strong>qued\u00f3 reducido al tr\u00e1nsito y se pide tener precauci\u00f3n al circular.<\/strong><\/p>\n","protected":false},"excerpt":{"rendered":"<p>En primera instancia, se presume que se cay\u00f3 tras el pase de un veh\u00edculo a gran velocidad. Ingres\u00f3 al Hospital<\/p>\n","protected":false},"author":2,"featured_media":24677,"comment_status":"closed","ping_status":"closed","sticky":false,"template":"","format":"standard","meta":{"_jetpack_memberships_contains_paid_content":false,"footnotes":""},"categories":[14,1],"tags":[],"class_list":["post-24671","post","type-post","status-publish","format-standard","has-post-thumbnail","hentry","category-policiales","category-portada"],"jetpack_featured_media_url":"https:\/\/i0.wp.com\/cdnoticias.com\/wp-content\/uploads\/2021\/06\/WhatsApp-Image-2021-06-22-at-14.46.24-1.jpeg?fit=719%2C437&ssl=1","jetpack_sharing_enabled":true,"_links":{"self":[{"href":"https:\/\/cdnoticias.com\/index.php\/wp-json\/wp\/v2\/posts\/24671","targetHints":{"allow":["GET"]}}],"collection":[{"href":"https:\/\/cdnoticias.com\/index.php\/wp-json\/wp\/v2\/posts"}],"about":[{"href":"https:\/\/cdnoticias.com\/index.php\/wp-json\/wp\/v2\/types\/post"}],"author":[{"embeddable":true,"href":"https:\/\/cdnoticias.com\/index.php\/wp-json\/wp\/v2\/users\/2"}],"replies":[{"embeddable":true,"href":"https:\/\/cdnoticias.com\/index.php\/wp-json\/wp\/v2\/comments?post=24671"}],"version-history":[{"count":0,"href":"https:\/\/cdnoticias.com\/index.php\/wp-json\/wp\/v2\/posts\/24671\/revisions"}],"wp:featuredmedia":[{"embeddable":true,"href":"https:\/\/cdnoticias.com\/index.php\/wp-json\/wp\/v2\/media\/24677"}],"wp:attachment":[{"href":"https:\/\/cdnoticias.com\/index.php\/wp-json\/wp\/v2\/media?parent=24671"}],"wp:term":[{"taxonomy":"category","embeddable":true,"href":"https:\/\/cdnoticias.com\/index.php\/wp-json\/wp\/v2\/categories?post=24671"},{"taxonomy":"post_tag","embeddable":true,"href":"https:\/\/cdnoticias.com\/index.php\/wp-json\/wp\/v2\/tags?post=24671"}],"curies":[{"name":"wp","href":"https:\/\/api.w.org\/{rel}","templated":true}]}}