{"id":24598,"date":"2021-06-21T18:31:28","date_gmt":"2021-06-21T21:31:28","guid":{"rendered":"http:\/\/www.centraldenoticias.com.ar\/?p=24598"},"modified":"2021-06-21T18:31:28","modified_gmt":"2021-06-21T21:31:28","slug":"laprida-ya-vacuna-a-los-primeros-jovenes-contra-el-covid","status":"publish","type":"post","link":"https:\/\/cdnoticias.com\/index.php\/2021\/06\/21\/laprida-ya-vacuna-a-los-primeros-jovenes-contra-el-covid\/","title":{"rendered":"Laprida ya vacuna a los primeros j\u00f3venes contra el COVID"},"content":{"rendered":"<p>M\u00e1s de 800 j\u00f3venes en edad universitaria sin factores de riesgo se vacunaron durante el fin de semana con primera dosis.<!--more--><\/p>\n<hr \/>\n<p>La localidad de Laprida comenz\u00f3 con la vacunaci\u00f3n para<strong> j\u00f3venes de 18 a\u00f1os sin factores de riesgo<\/strong>. As\u00ed lo destac\u00f3 el portal<strong> Oh Laprida<\/strong> que dialog\u00f3 con enfermeras del vacunatorio montado en el Centro de Jubilados.<\/p>\n<p>&nbsp;<\/p>\n<p>Seg\u00fan se indic\u00f3, la asistencia de los j\u00f3venes fue casi perfecta, ya que pr\u00e1cticamente no hubo ausentes. Asimismo destacaron que<strong> entre el viernes y el s\u00e1bado pasados, fueron alrededor de 800 las dosis aplicadas a este grupo etario.<\/strong><\/p>\n<p>&nbsp;<\/p>\n<p>Por otra parte, las autoridades sanitarias informaron que <strong>Laprida super\u00f3 las 5000 personas con una vacuna.<\/strong> De ese total, 2.036 tiene completo el esquema con las dos dosis. Hasta el momento se aplicaron 7.707 dosis contra el coronavirus en la localidad.<\/p>\n<p>&nbsp;<\/p>\n<p>Fuente: Oh Laprida<\/p>\n","protected":false},"excerpt":{"rendered":"<p>M\u00e1s de 800 j\u00f3venes en edad universitaria sin factores de riesgo se vacunaron durante el fin de semana con primera<\/p>\n","protected":false},"author":5,"featured_media":23120,"comment_status":"closed","ping_status":"closed","sticky":false,"template":"","format":"standard","meta":{"_jetpack_memberships_contains_paid_content":false,"footnotes":""},"categories":[16,1],"tags":[],"class_list":["post-24598","post","type-post","status-publish","format-standard","has-post-thumbnail","hentry","category-covid-19","category-portada"],"jetpack_featured_media_url":"https:\/\/i0.wp.com\/cdnoticias.com\/wp-content\/uploads\/2021\/06\/vacunacion-covid-01.jpg?fit=800%2C445&ssl=1","jetpack_sharing_enabled":true,"_links":{"self":[{"href":"https:\/\/cdnoticias.com\/index.php\/wp-json\/wp\/v2\/posts\/24598","targetHints":{"allow":["GET"]}}],"collection":[{"href":"https:\/\/cdnoticias.com\/index.php\/wp-json\/wp\/v2\/posts"}],"about":[{"href":"https:\/\/cdnoticias.com\/index.php\/wp-json\/wp\/v2\/types\/post"}],"author":[{"embeddable":true,"href":"https:\/\/cdnoticias.com\/index.php\/wp-json\/wp\/v2\/users\/5"}],"replies":[{"embeddable":true,"href":"https:\/\/cdnoticias.com\/index.php\/wp-json\/wp\/v2\/comments?post=24598"}],"version-history":[{"count":0,"href":"https:\/\/cdnoticias.com\/index.php\/wp-json\/wp\/v2\/posts\/24598\/revisions"}],"wp:featuredmedia":[{"embeddable":true,"href":"https:\/\/cdnoticias.com\/index.php\/wp-json\/wp\/v2\/media\/23120"}],"wp:attachment":[{"href":"https:\/\/cdnoticias.com\/index.php\/wp-json\/wp\/v2\/media?parent=24598"}],"wp:term":[{"taxonomy":"category","embeddable":true,"href":"https:\/\/cdnoticias.com\/index.php\/wp-json\/wp\/v2\/categories?post=24598"},{"taxonomy":"post_tag","embeddable":true,"href":"https:\/\/cdnoticias.com\/index.php\/wp-json\/wp\/v2\/tags?post=24598"}],"curies":[{"name":"wp","href":"https:\/\/api.w.org\/{rel}","templated":true}]}}