{"id":24575,"date":"2021-06-21T13:59:38","date_gmt":"2021-06-21T16:59:38","guid":{"rendered":"http:\/\/www.centraldenoticias.com.ar\/?p=24575"},"modified":"2021-06-21T13:59:38","modified_gmt":"2021-06-21T16:59:38","slug":"zona-fria-el-frente-de-todos-salio-a-buscar-firmas-para-apoyar-el-proyecto","status":"publish","type":"post","link":"https:\/\/cdnoticias.com\/index.php\/2021\/06\/21\/zona-fria-el-frente-de-todos-salio-a-buscar-firmas-para-apoyar-el-proyecto\/","title":{"rendered":"Zona Fr\u00eda: El Frente de Todos sali\u00f3 a buscar firmas para apoyar el proyecto"},"content":{"rendered":"<p>Dirigentes y militantes recorrieron las calles y visitaron comercios en b\u00fasqueda de apoyo de este proyecto que se tratar\u00e1 en el Senado para convertirse en Ley.\u00a0<!--more--><\/p>\n<hr \/>\n<p>Durante el fin de semana, <strong>dirigentes y militantes del Frente de Todos en Olavarr\u00eda recorrieron las calles y los comercios de nuestra ciudad para buscar adhesiones por el proyecto de Ley que declara a Olavarr\u00eda y otras 50 ciudades del pa\u00eds como \u201cZona fr\u00eda\u201d.<\/strong><\/p>\n<p>&nbsp;<\/p>\n<p>Cabe recordar que<strong> este proyecto generar\u00eda, en caso de ser Ley, importantes descuentos en la tarifa de gas: para los usuarios residenciales es del 30%, y para aquellos que tengan particularidades y casos especiales, hasta el 50% de descuento.<\/strong><\/p>\n<p>&nbsp;<\/p>\n<p><img data-recalc-dims=\"1\" loading=\"lazy\" decoding=\"async\" class=\"alignnone size-large wp-image-24577\" src=\"https:\/\/i0.wp.com\/cdnoticias.com\/wp-content\/uploads\/2021\/06\/202951274_4206536319412174_5291100692356925706_n.jpg?resize=800%2C600&#038;ssl=1\" alt=\"\" width=\"800\" height=\"600\" srcset=\"https:\/\/i0.wp.com\/cdnoticias.com\/wp-content\/uploads\/2021\/06\/202951274_4206536319412174_5291100692356925706_n.jpg?resize=1024%2C768&amp;ssl=1 1024w, https:\/\/i0.wp.com\/cdnoticias.com\/wp-content\/uploads\/2021\/06\/202951274_4206536319412174_5291100692356925706_n.jpg?resize=300%2C225&amp;ssl=1 300w, https:\/\/i0.wp.com\/cdnoticias.com\/wp-content\/uploads\/2021\/06\/202951274_4206536319412174_5291100692356925706_n.jpg?resize=768%2C576&amp;ssl=1 768w, https:\/\/i0.wp.com\/cdnoticias.com\/wp-content\/uploads\/2021\/06\/202951274_4206536319412174_5291100692356925706_n.jpg?w=1280&amp;ssl=1 1280w\" sizes=\"auto, (max-width: 800px) 100vw, 800px\" \/><\/p>\n<p>&nbsp;<\/p>\n<p>&nbsp;<\/p>\n<blockquote><p>D\u00edas atr\u00e1s, la propuesta de la olavarriense Liliana Schwindt y M\u00e1ximo Kirchner tuvo media sanci\u00f3n en la C\u00e1mara de Diputados de la Naci\u00f3n.<\/p><\/blockquote>\n<p>&nbsp;<\/p>\n<p><em>\u201cSalimos a recorrer distintos barrios y juntar firmas en apoyo al proyecto de ley de ampliaci\u00f3n de #ZonaFr\u00eda y reducci\u00f3n de tarifas de gas que beneficiar\u00e1 a casi 4 millones de hogares argentinos\u201d<\/em> indicaron desde el espacio local.<\/p>\n<p>&nbsp;<\/p>\n<p>A su vez, catalogaron la propuesta como <strong><em>\u201cuna medida justa, equitativa y federal que da respuesta a una demanda hist\u00f3rica\u201d.<\/em><\/strong><\/p>\n<p>&nbsp;<\/p>\n<p><img data-recalc-dims=\"1\" loading=\"lazy\" decoding=\"async\" class=\"alignnone size-large wp-image-24578\" src=\"https:\/\/i0.wp.com\/cdnoticias.com\/wp-content\/uploads\/2021\/06\/203765172_4206536492745490_3397478980809582479_n.jpg?resize=800%2C600&#038;ssl=1\" alt=\"\" width=\"800\" height=\"600\" srcset=\"https:\/\/i0.wp.com\/cdnoticias.com\/wp-content\/uploads\/2021\/06\/203765172_4206536492745490_3397478980809582479_n.jpg?resize=1024%2C768&amp;ssl=1 1024w, https:\/\/i0.wp.com\/cdnoticias.com\/wp-content\/uploads\/2021\/06\/203765172_4206536492745490_3397478980809582479_n.jpg?resize=300%2C225&amp;ssl=1 300w, https:\/\/i0.wp.com\/cdnoticias.com\/wp-content\/uploads\/2021\/06\/203765172_4206536492745490_3397478980809582479_n.jpg?resize=768%2C576&amp;ssl=1 768w, https:\/\/i0.wp.com\/cdnoticias.com\/wp-content\/uploads\/2021\/06\/203765172_4206536492745490_3397478980809582479_n.jpg?w=1280&amp;ssl=1 1280w\" sizes=\"auto, (max-width: 800px) 100vw, 800px\" \/><\/p>\n<p>&nbsp;<\/p>\n<p>Se pudo ver en la recorrida a<strong> dirigentes como el titular de Anses, Maximiliano Wesner, y militantes recorriendo comercios que, tras mostrar su apoyo, pegaron pancartas de \u201cYo apoyo la nueva Ley de Zona Fr\u00eda\u201d<\/strong> en la puerta de sus locales.<\/p>\n","protected":false},"excerpt":{"rendered":"<p>Dirigentes y militantes recorrieron las calles y visitaron comercios en b\u00fasqueda de apoyo de este proyecto que se tratar\u00e1 en<\/p>\n","protected":false},"author":2,"featured_media":24576,"comment_status":"closed","ping_status":"closed","sticky":false,"template":"","format":"standard","meta":{"_jetpack_memberships_contains_paid_content":false,"footnotes":""},"categories":[4,1],"tags":[],"class_list":["post-24575","post","type-post","status-publish","format-standard","has-post-thumbnail","hentry","category-politica","category-portada"],"jetpack_featured_media_url":"https:\/\/i0.wp.com\/cdnoticias.com\/wp-content\/uploads\/2021\/06\/201826327_4206536632745476_2101049373839064081_n.jpg?fit=1040%2C780&ssl=1","jetpack_sharing_enabled":true,"_links":{"self":[{"href":"https:\/\/cdnoticias.com\/index.php\/wp-json\/wp\/v2\/posts\/24575","targetHints":{"allow":["GET"]}}],"collection":[{"href":"https:\/\/cdnoticias.com\/index.php\/wp-json\/wp\/v2\/posts"}],"about":[{"href":"https:\/\/cdnoticias.com\/index.php\/wp-json\/wp\/v2\/types\/post"}],"author":[{"embeddable":true,"href":"https:\/\/cdnoticias.com\/index.php\/wp-json\/wp\/v2\/users\/2"}],"replies":[{"embeddable":true,"href":"https:\/\/cdnoticias.com\/index.php\/wp-json\/wp\/v2\/comments?post=24575"}],"version-history":[{"count":0,"href":"https:\/\/cdnoticias.com\/index.php\/wp-json\/wp\/v2\/posts\/24575\/revisions"}],"wp:featuredmedia":[{"embeddable":true,"href":"https:\/\/cdnoticias.com\/index.php\/wp-json\/wp\/v2\/media\/24576"}],"wp:attachment":[{"href":"https:\/\/cdnoticias.com\/index.php\/wp-json\/wp\/v2\/media?parent=24575"}],"wp:term":[{"taxonomy":"category","embeddable":true,"href":"https:\/\/cdnoticias.com\/index.php\/wp-json\/wp\/v2\/categories?post=24575"},{"taxonomy":"post_tag","embeddable":true,"href":"https:\/\/cdnoticias.com\/index.php\/wp-json\/wp\/v2\/tags?post=24575"}],"curies":[{"name":"wp","href":"https:\/\/api.w.org\/{rel}","templated":true}]}}