{"id":24565,"date":"2021-06-21T11:47:12","date_gmt":"2021-06-21T14:47:12","guid":{"rendered":"http:\/\/www.centraldenoticias.com.ar\/?p=24565"},"modified":"2021-06-21T12:34:44","modified_gmt":"2021-06-21T15:34:44","slug":"mas-vacunas-llegaron-a-olavarria-3-600-dosis-de-astrazeneca","status":"publish","type":"post","link":"https:\/\/cdnoticias.com\/index.php\/2021\/06\/21\/mas-vacunas-llegaron-a-olavarria-3-600-dosis-de-astrazeneca\/","title":{"rendered":"M\u00e1s vacunas: llegaron a Olavarr\u00eda 3.600 dosis de AstraZeneca"},"content":{"rendered":"<p>Fueron distribuidas en tres centros de vacunaci\u00f3n. Desde el martes se reanudar\u00e1 la vacunaci\u00f3n en la ciudad.\u00a0<!--more--><\/p>\n<hr \/>\n<p>En la jornada de este lunes feriado, <strong>llegaron a Olavarr\u00eda nuevas dosis contra el COVID. En este caso, fueron 3.600 de AstraZeneca distribuidas en tres postas de vacunaci\u00f3n de la ciudad.<\/strong><\/p>\n<p>&nbsp;<\/p>\n<blockquote><p>Al detalle, del total 1.200 fueron para el Servicio Territorial N\u00b02, 1.200 para la Facultad de Ciencias de la Salud y 1.200 para el Hospital de Oncolog\u00eda.<\/p><\/blockquote>\n<p>&nbsp;<\/p>\n<p>Cabe se\u00f1alar que este lunes no habr\u00e1 vacunaci\u00f3n y todo se reanudar\u00e1 desde el martes, con <strong>el cumplimiento de los turnos otorgados para los vecinos desde el sistema provincial pero, adem\u00e1s, con la \u201cvacunaci\u00f3n libre\u201d para aquellos mayores de 55 a\u00f1os.<\/strong> S\u00f3lo deber\u00e1n presentar el documento nacional de identidad que certifique, adem\u00e1s de la edad, la residencia en el territorio provincial.<\/p>\n<p>&nbsp;<\/p>\n<p><img data-recalc-dims=\"1\" loading=\"lazy\" decoding=\"async\" class=\"alignnone size-large wp-image-24192\" src=\"https:\/\/i0.wp.com\/cdnoticias.com\/wp-content\/uploads\/2021\/06\/WhatsApp-Image-2021-06-16-at-19.55.00.jpeg?resize=800%2C514&#038;ssl=1\" alt=\"\" width=\"800\" height=\"514\" srcset=\"https:\/\/i0.wp.com\/cdnoticias.com\/wp-content\/uploads\/2021\/06\/WhatsApp-Image-2021-06-16-at-19.55.00.jpeg?resize=1024%2C658&amp;ssl=1 1024w, https:\/\/i0.wp.com\/cdnoticias.com\/wp-content\/uploads\/2021\/06\/WhatsApp-Image-2021-06-16-at-19.55.00.jpeg?resize=300%2C193&amp;ssl=1 300w, https:\/\/i0.wp.com\/cdnoticias.com\/wp-content\/uploads\/2021\/06\/WhatsApp-Image-2021-06-16-at-19.55.00.jpeg?resize=768%2C494&amp;ssl=1 768w, https:\/\/i0.wp.com\/cdnoticias.com\/wp-content\/uploads\/2021\/06\/WhatsApp-Image-2021-06-16-at-19.55.00.jpeg?w=1280&amp;ssl=1 1280w\" sizes=\"auto, (max-width: 800px) 100vw, 800px\" \/><\/p>\n<p>&nbsp;<\/p>\n<p>Todos los interesados en acceder al plan provincial de vacunaci\u00f3n contra el coronavirus, que es p\u00fablico, gratuito y optativo, pueden sacar turno de manera virtual entrando en la p\u00e1gina https:\/\/vacunatepba.gba.gob.ar\/\u00a0 o de forma presencial en ANSES, IOMA, PAMI, Ministerio de trabajo, Centro de Documentaci\u00f3n R\u00e1pida, entre otros.<\/p>\n","protected":false},"excerpt":{"rendered":"<p>Fueron distribuidas en tres centros de vacunaci\u00f3n. Desde el martes se reanudar\u00e1 la vacunaci\u00f3n en la ciudad.\u00a0<\/p>\n","protected":false},"author":2,"featured_media":22880,"comment_status":"closed","ping_status":"closed","sticky":false,"template":"","format":"standard","meta":{"_jetpack_memberships_contains_paid_content":false,"footnotes":""},"categories":[16,1],"tags":[],"class_list":["post-24565","post","type-post","status-publish","format-standard","has-post-thumbnail","hentry","category-covid-19","category-portada"],"jetpack_featured_media_url":"https:\/\/i0.wp.com\/cdnoticias.com\/wp-content\/uploads\/2021\/06\/vacunas-astrazeneca01.jpg?fit=800%2C445&ssl=1","jetpack_sharing_enabled":true,"_links":{"self":[{"href":"https:\/\/cdnoticias.com\/index.php\/wp-json\/wp\/v2\/posts\/24565","targetHints":{"allow":["GET"]}}],"collection":[{"href":"https:\/\/cdnoticias.com\/index.php\/wp-json\/wp\/v2\/posts"}],"about":[{"href":"https:\/\/cdnoticias.com\/index.php\/wp-json\/wp\/v2\/types\/post"}],"author":[{"embeddable":true,"href":"https:\/\/cdnoticias.com\/index.php\/wp-json\/wp\/v2\/users\/2"}],"replies":[{"embeddable":true,"href":"https:\/\/cdnoticias.com\/index.php\/wp-json\/wp\/v2\/comments?post=24565"}],"version-history":[{"count":0,"href":"https:\/\/cdnoticias.com\/index.php\/wp-json\/wp\/v2\/posts\/24565\/revisions"}],"wp:featuredmedia":[{"embeddable":true,"href":"https:\/\/cdnoticias.com\/index.php\/wp-json\/wp\/v2\/media\/22880"}],"wp:attachment":[{"href":"https:\/\/cdnoticias.com\/index.php\/wp-json\/wp\/v2\/media?parent=24565"}],"wp:term":[{"taxonomy":"category","embeddable":true,"href":"https:\/\/cdnoticias.com\/index.php\/wp-json\/wp\/v2\/categories?post=24565"},{"taxonomy":"post_tag","embeddable":true,"href":"https:\/\/cdnoticias.com\/index.php\/wp-json\/wp\/v2\/tags?post=24565"}],"curies":[{"name":"wp","href":"https:\/\/api.w.org\/{rel}","templated":true}]}}