{"id":24562,"date":"2021-06-21T10:33:02","date_gmt":"2021-06-21T13:33:02","guid":{"rendered":"http:\/\/www.centraldenoticias.com.ar\/?p=24562"},"modified":"2021-06-21T10:33:51","modified_gmt":"2021-06-21T13:33:51","slug":"alentador-por-cuarta-semana-consecutiva-bajaron-los-casos-en-la-provincia","status":"publish","type":"post","link":"https:\/\/cdnoticias.com\/index.php\/2021\/06\/21\/alentador-por-cuarta-semana-consecutiva-bajaron-los-casos-en-la-provincia\/","title":{"rendered":"Alentador: por cuarta semana consecutiva bajaron los casos en la Provincia"},"content":{"rendered":"<p>As\u00ed lo destac\u00f3 el gobierno bonaerense. En los \u00faltimos 7 d\u00edas baj\u00f3 15%. Y acumula 42% en el \u00faltimo mes. Mientras tanto \u201cseguimos vacunando\u201d dijo Carlos Bianco.\u00a0<!--more--><\/p>\n<hr \/>\n<p>En la jornada de este lunes,<strong> el gobierno bonaerense confirm\u00f3 una nueva ca\u00edda de casos positivos de COVID, que acumula 42% en el \u00faltimo mes. En los \u00faltimos 7 d\u00edas, hubo un 15% de menos casos.<\/strong><\/p>\n<p>&nbsp;<\/p>\n<p>Seg\u00fan destac\u00f3 el jefe de Gabinete de la Provincia, Carlos Bianco, <em>\u201ccumplimos la cuarta semana consecutiva de ca\u00edda de casos Covid en PBA. Esta semana se redujeron un 15% y en las \u00faltimas cuatro semanas tenemos un 42% de ca\u00edda acumulada. Las medidas de cuidado definitivamente surten efecto.<strong> Mientras tanto, seguimos vacunando a todo vapor<\/strong>\u201d.<\/em><\/p>\n<p>&nbsp;<\/p>\n<blockquote><p>De acuerdo a los datos oficiales, el promedio semanal diario de casos en todo el territorio bonaerense fue de 7.016 (la semana pasada hab\u00eda sido de 8.294 y el pico, hace un mes de 12.008). De ese total, 4.803 se dieron en el AMBA y 2.188 en el interior.<\/p><\/blockquote>\n<p>&nbsp;<\/p>\n<p>Asimismo, por primera vez desde el 12 de abril,<strong> la ca\u00edda en la ocupaci\u00f3n de camas UTI en el \u00c1rea Metropolitana de Buenos Aires (incluido Ciudad de Buenos Aires) rompi\u00f3 ayer una barrera importante.<\/strong><\/p>\n<p>&nbsp;<\/p>\n<blockquote class=\"twitter-tweet\">\n<p dir=\"ltr\" lang=\"es\">Cumplimos la cuarta semana consecutiva de ca\u00edda de casos COVID en PBA. Esta semana se redujeron un 15% y en las \u00faltimas cuatro semanas tenemos un 42% de ca\u00edda acumulada. Las medidas de cuidado definitivamente surten efecto. Mientras tanto, seguimos vacunando a todo vapor. <a href=\"https:\/\/t.co\/R8438mN0v5\">pic.twitter.com\/R8438mN0v5<\/a><\/p>\n<p>\u2014 Carlos Bianco (@Carli_Bianco) <a href=\"https:\/\/twitter.com\/Carli_Bianco\/status\/1406771457007439872?ref_src=twsrc%5Etfw\">June 21, 2021<\/a><\/p><\/blockquote>\n<p><script async src=\"https:\/\/platform.twitter.com\/widgets.js\" charset=\"utf-8\"><\/script><\/p>\n<p>&nbsp;<\/p>\n<p>Hasta el momento y de manera continuada durante m\u00e1s de dos meses, el porcentaje se hab\u00eda mantenido por encima del 70%.<strong> Este domingo 20 de junio, sin embargo, midi\u00f3 69,7%,<\/strong> seg\u00fan las cifras oficiales<\/p>\n","protected":false},"excerpt":{"rendered":"<p>As\u00ed lo destac\u00f3 el gobierno bonaerense. En los \u00faltimos 7 d\u00edas baj\u00f3 15%. Y acumula 42% en el \u00faltimo mes.<\/p>\n","protected":false},"author":2,"featured_media":8734,"comment_status":"closed","ping_status":"closed","sticky":false,"template":"","format":"standard","meta":{"_jetpack_memberships_contains_paid_content":false,"footnotes":""},"categories":[6,1],"tags":[],"class_list":["post-24562","post","type-post","status-publish","format-standard","has-post-thumbnail","hentry","category-nacionales","category-portada"],"jetpack_featured_media_url":"https:\/\/i0.wp.com\/cdnoticias.com\/wp-content\/uploads\/2020\/12\/Coronavirus-anticuerpos-696x522-covid.jpg?fit=696%2C522&ssl=1","jetpack_sharing_enabled":true,"_links":{"self":[{"href":"https:\/\/cdnoticias.com\/index.php\/wp-json\/wp\/v2\/posts\/24562","targetHints":{"allow":["GET"]}}],"collection":[{"href":"https:\/\/cdnoticias.com\/index.php\/wp-json\/wp\/v2\/posts"}],"about":[{"href":"https:\/\/cdnoticias.com\/index.php\/wp-json\/wp\/v2\/types\/post"}],"author":[{"embeddable":true,"href":"https:\/\/cdnoticias.com\/index.php\/wp-json\/wp\/v2\/users\/2"}],"replies":[{"embeddable":true,"href":"https:\/\/cdnoticias.com\/index.php\/wp-json\/wp\/v2\/comments?post=24562"}],"version-history":[{"count":0,"href":"https:\/\/cdnoticias.com\/index.php\/wp-json\/wp\/v2\/posts\/24562\/revisions"}],"wp:featuredmedia":[{"embeddable":true,"href":"https:\/\/cdnoticias.com\/index.php\/wp-json\/wp\/v2\/media\/8734"}],"wp:attachment":[{"href":"https:\/\/cdnoticias.com\/index.php\/wp-json\/wp\/v2\/media?parent=24562"}],"wp:term":[{"taxonomy":"category","embeddable":true,"href":"https:\/\/cdnoticias.com\/index.php\/wp-json\/wp\/v2\/categories?post=24562"},{"taxonomy":"post_tag","embeddable":true,"href":"https:\/\/cdnoticias.com\/index.php\/wp-json\/wp\/v2\/tags?post=24562"}],"curies":[{"name":"wp","href":"https:\/\/api.w.org\/{rel}","templated":true}]}}