{"id":24543,"date":"2021-06-21T12:36:05","date_gmt":"2021-06-21T15:36:05","guid":{"rendered":"http:\/\/www.centraldenoticias.com.ar\/?p=24543"},"modified":"2021-06-21T12:36:05","modified_gmt":"2021-06-21T15:36:05","slug":"liliana-schwindt-quiero-estar-en-el-pj","status":"publish","type":"post","link":"https:\/\/cdnoticias.com\/index.php\/2021\/06\/21\/liliana-schwindt-quiero-estar-en-el-pj\/","title":{"rendered":"Liliana Schwindt: \u201cQuiero estar en el PJ\u201d"},"content":{"rendered":"<p class=\"western\">A fin de a\u00f1o asumir\u00e1 en el Consejo Provincial del partido. \u00bfAlgo m\u00e1s para el futuro de la legisladora? Su relaci\u00f3n con M\u00e1ximo Kirchner, Cristina \u00c1lvarez Rodr\u00edguez y Sergio Massa en la C\u00e1mara.<!--more--><\/p>\n<hr \/>\n<p class=\"western\"><strong>La diputada nacional Liliana Schwindt<\/strong> habl\u00f3 con <strong>Central de Noticia<\/strong>s sobre su relaci\u00f3n con las principales figuras del Frente de Todos en la C\u00e1mara y su<strong> vuelta a la actividad en el Partido Justicialista<\/strong> donde se define \u201cmuy contenta\u201d y analiz\u00f3 como \u201cun error\u201d haberse alejado en el pasado.<\/p>\n<p>&nbsp;<\/p>\n<p class=\"western\">Asegur\u00f3 que no sabe si ser\u00e1 candidata este a\u00f1o aunque remarc\u00f3 que <strong>\u201cno me veo fuera de la pol\u00edtica\u201d<\/strong>, para plantear que su trabajo es m\u00e1s que los cargos que ha ocupado.<\/p>\n<p>&nbsp;<\/p>\n<p><iframe loading=\"lazy\" title=\"YouTube video player\" src=\"https:\/\/www.youtube.com\/embed\/TOZqLeLoaJc\" width=\"560\" height=\"315\" frameborder=\"0\" allowfullscreen=\"allowfullscreen\"><\/iframe><\/p>\n<p>&nbsp;<\/p>\n<p class=\"western\"><em>-\u00bfCu\u00e1l es tu relaci\u00f3n con M\u00e1ximo Kichner?<\/em><\/p>\n<p>&nbsp;<\/p>\n<p class=\"western\">-A M\u00e1ximo lo conoc\u00eda desde que yo era diputada y era presidenta de la comisi\u00f3n de Defensa del Consumidor. Ya le hab\u00eda visto algunas intervenciones en la C\u00e1mara y me hab\u00edan parecido muy buenas.<strong> Ahora lo conozco m\u00e1s en profundidad tengo una relaci\u00f3n con \u00e9l muy buena<\/strong>. M\u00e1ximo es una persona muy abierta, del di\u00e1logo y de escuchar. Es muy reflexivo en este sentido.<\/p>\n<p>&nbsp;<\/p>\n<p class=\"western\">Como presidente de bloque busca permanentemente el consenso. Para esto que hicimos ahora, en el bloque nuestro somos 119 votos. Para tener la mayor\u00eda tenemos que tener 129. Es el trabajo que M\u00e1ximo hace para sacar todas las leyes que hemos venido sacando en este contexto de pandemia. Es un trabajo de todos los d\u00edas de escuchar a otros de conceder estar abierto a cambios. <strong>Es una persona muy positiva.<\/strong><\/p>\n<p>&nbsp;<\/p>\n<p><img data-recalc-dims=\"1\" loading=\"lazy\" decoding=\"async\" class=\"size-large wp-image-21663 aligncenter\" src=\"https:\/\/i0.wp.com\/cdnoticias.com\/wp-content\/uploads\/2021\/05\/GAS-liliana-maximo-aguilera.jpg?resize=800%2C532&#038;ssl=1\" alt=\"\" width=\"800\" height=\"532\" srcset=\"https:\/\/i0.wp.com\/cdnoticias.com\/wp-content\/uploads\/2021\/05\/GAS-liliana-maximo-aguilera.jpg?resize=1024%2C681&amp;ssl=1 1024w, https:\/\/i0.wp.com\/cdnoticias.com\/wp-content\/uploads\/2021\/05\/GAS-liliana-maximo-aguilera.jpg?resize=300%2C200&amp;ssl=1 300w, https:\/\/i0.wp.com\/cdnoticias.com\/wp-content\/uploads\/2021\/05\/GAS-liliana-maximo-aguilera.jpg?resize=768%2C511&amp;ssl=1 768w, https:\/\/i0.wp.com\/cdnoticias.com\/wp-content\/uploads\/2021\/05\/GAS-liliana-maximo-aguilera.jpg?resize=272%2C182&amp;ssl=1 272w, https:\/\/i0.wp.com\/cdnoticias.com\/wp-content\/uploads\/2021\/05\/GAS-liliana-maximo-aguilera.jpg?w=2048&amp;ssl=1 2048w, https:\/\/i0.wp.com\/cdnoticias.com\/wp-content\/uploads\/2021\/05\/GAS-liliana-maximo-aguilera.jpg?w=1600&amp;ssl=1 1600w\" sizes=\"auto, (max-width: 800px) 100vw, 800px\" \/><\/p>\n<p>&nbsp;<\/p>\n<p><em>-Cuando reingresaste a la C\u00e1mara y al bloque Frente de Todos lo hiciste con Cristina \u00c1lvarez Rodr\u00edguez. \u00bfCu\u00e1l es tu relaci\u00f3n con ella y cu\u00e1l es su rol?<\/em><\/p>\n<p>&nbsp;<\/p>\n<p class=\"western\">Cristina hace un trabajo incre\u00edble, ella es la secretaria parlamentaria del bloque. Todos los proyectos que sacamos y trabajamos pasan por sus manos y su equipo. <strong>Es un equipo muy contenedor, muy de estar acompa\u00f1ando al diputado y la diputada, a los equipos<\/strong>. Cuando a veces no se puede sacar un proyecto Cristina est\u00e1 presente para explicar. Es un bloque que funciona muy bien y eso es obra de M\u00e1ximo y de Cristina.<\/p>\n<p>&nbsp;<\/p>\n<p class=\"western\"><strong>Con Cristina tengo una amistad y una relaci\u00f3n de a\u00f1os, porque ella hace tiempo fue funcionaria provincial, fue ministra y es mujer<\/strong>. Nosotras entre las mujeres tambi\u00e9n tenemos esa relaci\u00f3n de entendernos r\u00e1pidamente o brindarnos ese apoyo en la pol\u00edtica. Con Cristina tengo una relaci\u00f3n de afecto y, adem\u00e1s, agradecimiento porque cuando me toc\u00f3 atravesar todo ese juicio (que un hombre me reclam\u00f3 en nombre de la paridad la banca) tuve todo el apoyo de Cristina en esto y del Partido Justicialista. Me acompa\u00f1\u00f3 en el proceso de reclamar mi banca que fue muy dif\u00edcil y fue feo. Es una re compa\u00f1eraza.<\/p>\n<p>&nbsp;<\/p>\n<p><img data-recalc-dims=\"1\" loading=\"lazy\" decoding=\"async\" class=\"size-large wp-image-13174 aligncenter\" src=\"https:\/\/i0.wp.com\/cdnoticias.com\/wp-content\/uploads\/2021\/02\/liliana-schwindt-alvarez-rodriguez.jpg?resize=800%2C661&#038;ssl=1\" alt=\"\" width=\"800\" height=\"661\" srcset=\"https:\/\/i0.wp.com\/cdnoticias.com\/wp-content\/uploads\/2021\/02\/liliana-schwindt-alvarez-rodriguez.jpg?resize=1024%2C846&amp;ssl=1 1024w, https:\/\/i0.wp.com\/cdnoticias.com\/wp-content\/uploads\/2021\/02\/liliana-schwindt-alvarez-rodriguez.jpg?resize=300%2C248&amp;ssl=1 300w, https:\/\/i0.wp.com\/cdnoticias.com\/wp-content\/uploads\/2021\/02\/liliana-schwindt-alvarez-rodriguez.jpg?resize=768%2C634&amp;ssl=1 768w, https:\/\/i0.wp.com\/cdnoticias.com\/wp-content\/uploads\/2021\/02\/liliana-schwindt-alvarez-rodriguez.jpg?w=1440&amp;ssl=1 1440w\" sizes=\"auto, (max-width: 800px) 100vw, 800px\" \/><\/p>\n<p>&nbsp;<\/p>\n<p class=\"western\">&#8211;<em>\u00bfY con Sergio Massa?<\/em><\/p>\n<p>&nbsp;<\/p>\n<p class=\"western\"><strong>Con Sergio bien tengo una relaci\u00f3n bien, hicimos un camino<\/strong>. Yo soy muy agradecida. No hubiera sido diputada si Sergio no hubiera confiado en m\u00ed. La otra noche cuando me toc\u00f3 ser miembro informante del proyecto del gas lo dije y le agradec\u00ed. Soy diputada porque me puso Sergio Massa.<\/p>\n<p>&nbsp;<\/p>\n<blockquote>\n<p class=\"western\">Yo tom\u00e9 un camino que no tiene nada que ver con la relaci\u00f3n con \u00e9l, sino que quiero estar en el PJ, es mi origen. Ah\u00ed quiero estar y de ah\u00ed no me quiero mover. De hecho tengo el honor de ser parte de la lista que va a asumir en diciembre en el Consejo del Partido Provincial. Estoy trabajando en el PJ local en ese sentido, yo quer\u00eda eso. Es una decisi\u00f3n personal y no tiene que ver con la mala relaci\u00f3n con uno o con otro.<\/p>\n<\/blockquote>\n<p>&nbsp;<\/p>\n<p class=\"western\"><em>-\u00bfD\u00f3nde te ves en diciembre adem\u00e1s de en el Consejo del PJ?<\/em><\/p>\n<p>&nbsp;<\/p>\n<p><iframe loading=\"lazy\" title=\"YouTube video player\" src=\"https:\/\/www.youtube.com\/embed\/mIQKM0pLlSU\" width=\"560\" height=\"315\" frameborder=\"0\" allowfullscreen=\"allowfullscreen\"><\/iframe><\/p>\n<p>&nbsp;<\/p>\n<p class=\"western\"><strong>No lo s\u00e9 porqu\u00e9 la pol\u00edtica tiene estas cosas que son lindas, de la imprevisibilidad<\/strong> respecto a lo que te toca. A mi la pol\u00edtica me gusta, yo lo siento y lo hago. A veces parecen cosas armadas, pero lo digo porque lo he hecho: <strong>me he quedado sin ning\u00fan cargo y he seguido trabajando y participando porque a m\u00ed me gusta y no me veo fuera de la pol\u00edtica<\/strong>. En cuanto a los cargos no lo s\u00e9 porque es impredecible, pero igual falta poco: el 24 cierran las listas y sabr\u00e9 si yo sigo o si me voy a mi casa, o cuando pasen las elecciones.<\/p>\n<p>&nbsp;<\/p>\n<p class=\"western\">Si no fuera nada, me vendr\u00eda bien un descanso porque la verdad que estos dos a\u00f1os que llevo atravesados son intensos. <strong>Y si no fuera nada, yo estoy contenta porque en realidad para m\u00ed ser diputada nacional es un honor<\/strong>. Est\u00e1s donde se cocinan muchas cosas, donde pasa la pol\u00edtica. Es un cargo lindo para los pol\u00edticos, anhelado.<\/p>\n<p>&nbsp;<\/p>\n<p><img data-recalc-dims=\"1\" loading=\"lazy\" decoding=\"async\" class=\"size-large wp-image-24555 aligncenter\" src=\"https:\/\/i0.wp.com\/cdnoticias.com\/wp-content\/uploads\/2021\/06\/Liliana-Schwindt-00.jpg?resize=800%2C445&#038;ssl=1\" alt=\"\" width=\"800\" height=\"445\" srcset=\"https:\/\/i0.wp.com\/cdnoticias.com\/wp-content\/uploads\/2021\/06\/Liliana-Schwindt-00.jpg?resize=1024%2C570&amp;ssl=1 1024w, https:\/\/i0.wp.com\/cdnoticias.com\/wp-content\/uploads\/2021\/06\/Liliana-Schwindt-00.jpg?resize=300%2C167&amp;ssl=1 300w, https:\/\/i0.wp.com\/cdnoticias.com\/wp-content\/uploads\/2021\/06\/Liliana-Schwindt-00.jpg?resize=768%2C428&amp;ssl=1 768w, https:\/\/i0.wp.com\/cdnoticias.com\/wp-content\/uploads\/2021\/06\/Liliana-Schwindt-00.jpg?resize=800%2C445&amp;ssl=1 800w, https:\/\/i0.wp.com\/cdnoticias.com\/wp-content\/uploads\/2021\/06\/Liliana-Schwindt-00.jpg?w=1200&amp;ssl=1 1200w\" sizes=\"auto, (max-width: 800px) 100vw, 800px\" \/><\/p>\n<p>&nbsp;<\/p>\n<p class=\"western\">Yo he cumplido con eso. Se me puede criticar, y yo lo acepto, muchas cosas: mi posicionamiento, por qu\u00e9 estoy acompa\u00f1ando al Frente de Todos, por qu\u00e9 voy al PJ. Alg\u00fan vecino puede estar de acuerdo o en desacuerdo y lo acepto. Lo que nadie puede decir es que yo a mi trabajo lo hago mal. <strong>No se puede decir que la responsabilidad que me da el cargo no la tomo en serio o que lo hago mal.<\/strong> En eso estoy tranquila. Si no fuera nada me siento feliz y tranquila, porque he hecho lo que ten\u00eda que hacer.<\/p>\n<p>&nbsp;<\/p>\n<p><em>-Est\u00e1s trabajando en el PJ de Olavarr\u00eda. Es nuevo verte ah\u00ed. \u00bfEn qu\u00e9 consiste lo que est\u00e1n haciendo?<\/em><\/p>\n<p>&nbsp;<\/p>\n<blockquote>\n<p class=\"western\">Nuevo no es. Yo he militado en el PJ hist\u00f3rico de mucho tiempo. Despu\u00e9s la vida te aparta, acciones que hacen que una se aleje. Para m\u00ed es un error, lo analiz\u00f3 as\u00ed en mi vida. No es algo de lo que estoy convencida que hice bien, es un error no haber estado dentro del PJ o haber tomado otro camino. No importa, son experiencias y estoy muy contenta de estar en el PJ.<\/p>\n<\/blockquote>\n<p>&nbsp;<\/p>\n<p class=\"western\">Es una experiencia que estamos haciendo con <strong>Guillermo Santill\u00e1<\/strong>n en conjunto con <strong>Federico Aguilera<\/strong>, que es el presidente, con <strong>C\u00e9sar Valicenti<\/strong> y un equipo que est\u00e1 todos los d\u00edas preocupado de la gesti\u00f3n. Todos los d\u00edas preocupado de ver c\u00f3mo un programa o alguna gesti\u00f3n viene a Olavarr\u00eda y de hecho se refleja cuando se traen obras, como para las escuelas. Es todo parte de un equipo que est\u00e1 todo el d\u00eda pensando c\u00f3mo beneficiar a los vecinos.<\/p>\n<p>&nbsp;<\/p>\n<p class=\"western\">El trabajo que hacemos con Guillermo espec\u00edficamente, los dos <a href=\"https:\/\/cdnoticias.com\/index.php\/2021\/03\/16\/liliana-schwindt-y-guillermo-santellan-seran-parte-del-nuevo-consejo-provincial-del-pj\/\" target=\"_blank\" rel=\"noopener\">vamos a ser consejeros provinciales en diciembre<\/a>, tratamos de buscar todos aquellos qu\u00e9 quieren participar del PJ. Los que han tenido en su momento un desarrollo o que han estado, han sido figuras importantes o militantes, quieren participar. En esta comisi\u00f3n de acci\u00f3n pol\u00edtica los hemos llamado, nos hemos juntado, y vamos a hacer actividades con ellos. <strong>Todo en pos de escuchar a aquel militante peronista o cercano al peronismo y que quiere aportar tambi\u00e9n desde su experiencia y su trabajo. Es un trabajo de abrir el PJ.<\/strong><\/p>\n<p>&nbsp;<\/p>\n<p><img data-recalc-dims=\"1\" loading=\"lazy\" decoding=\"async\" class=\"size-large wp-image-24556 aligncenter\" src=\"https:\/\/i0.wp.com\/cdnoticias.com\/wp-content\/uploads\/2021\/06\/Liliana-Schwindt-05.jpg?resize=800%2C445&#038;ssl=1\" alt=\"\" width=\"800\" height=\"445\" srcset=\"https:\/\/i0.wp.com\/cdnoticias.com\/wp-content\/uploads\/2021\/06\/Liliana-Schwindt-05.jpg?resize=1024%2C569&amp;ssl=1 1024w, https:\/\/i0.wp.com\/cdnoticias.com\/wp-content\/uploads\/2021\/06\/Liliana-Schwindt-05.jpg?resize=300%2C167&amp;ssl=1 300w, https:\/\/i0.wp.com\/cdnoticias.com\/wp-content\/uploads\/2021\/06\/Liliana-Schwindt-05.jpg?resize=768%2C427&amp;ssl=1 768w, https:\/\/i0.wp.com\/cdnoticias.com\/wp-content\/uploads\/2021\/06\/Liliana-Schwindt-05.jpg?resize=800%2C445&amp;ssl=1 800w, https:\/\/i0.wp.com\/cdnoticias.com\/wp-content\/uploads\/2021\/06\/Liliana-Schwindt-05.jpg?w=1200&amp;ssl=1 1200w\" sizes=\"auto, (max-width: 800px) 100vw, 800px\" \/><\/p>\n<p>&nbsp;<\/p>\n<p class=\"western\"><em>-\u00bfEn esta mesa entra lo electoral?<\/em><\/p>\n<p>&nbsp;<\/p>\n<p class=\"western\"><strong>Eso ni siquiera se discute<\/strong>. Nosotros organizamos debates para acercar la doctrina, lo que deber\u00eda hacer un partido pol\u00edtico. Estamos abocados a eso.<\/p>\n<p>&nbsp;<\/p>\n<p><em>-Te vimos en un <a href=\"https:\/\/cdnoticias.com\/index.php\/2021\/05\/11\/agustin-rossi-y-una-conversacion-sobre-la-realidad-social-y-politica-de-olavarria-y-azul\/\" target=\"_blank\" rel=\"noopener\">posicionamiento seccional de la \u201cCorriente Nacional de la Militancia\u201d<\/a> \u00bfCu\u00e1l es tu tarea en ese espacio?<\/em><\/p>\n<p>&nbsp;<\/p>\n<p class=\"western\">-Yo me sum\u00e9 en esta etapa es una agrupaci\u00f3n que est\u00e1 liderada por Agust\u00edn Rossi desde hace much\u00edsimo tiempo, debe tener m\u00e1s de 10 a\u00f1os de creaci\u00f3n. Este a\u00f1o tom\u00f3 el liderazgo en la provincia de Buenos Aires Cristina \u00c1lvarez Rodr\u00edguez. <strong>En base a eso estamos haciendo un trabajo tranquilo, sin ning\u00fan apuro, que no tiene que ver con lo electoral.<\/strong> Es un trabajo en el que estamos tambi\u00e9n sumando todos aquellos que adhieren al Gobierno y que tienen deseos de participar y que a lo mejor no encuentran el lugar para hacerlo. Estamos abiertos a llamar a todo ese sector que quiera ser parte, es un trabajo a largo plazo.<\/p>\n<p><img data-recalc-dims=\"1\" loading=\"lazy\" decoding=\"async\" class=\"size-large wp-image-24554 aligncenter\" src=\"https:\/\/i0.wp.com\/cdnoticias.com\/wp-content\/uploads\/2021\/06\/Liliana-Schwindt-08.jpg?resize=800%2C445&#038;ssl=1\" alt=\"\" width=\"800\" height=\"445\" srcset=\"https:\/\/i0.wp.com\/cdnoticias.com\/wp-content\/uploads\/2021\/06\/Liliana-Schwindt-08.jpg?resize=1024%2C569&amp;ssl=1 1024w, https:\/\/i0.wp.com\/cdnoticias.com\/wp-content\/uploads\/2021\/06\/Liliana-Schwindt-08.jpg?resize=300%2C167&amp;ssl=1 300w, https:\/\/i0.wp.com\/cdnoticias.com\/wp-content\/uploads\/2021\/06\/Liliana-Schwindt-08.jpg?resize=768%2C427&amp;ssl=1 768w, https:\/\/i0.wp.com\/cdnoticias.com\/wp-content\/uploads\/2021\/06\/Liliana-Schwindt-08.jpg?resize=800%2C445&amp;ssl=1 800w, https:\/\/i0.wp.com\/cdnoticias.com\/wp-content\/uploads\/2021\/06\/Liliana-Schwindt-08.jpg?w=1200&amp;ssl=1 1200w\" sizes=\"auto, (max-width: 800px) 100vw, 800px\" \/><\/p>\n","protected":false},"excerpt":{"rendered":"<p>A fin de a\u00f1o asumir\u00e1 en el Consejo Provincial del partido. \u00bfAlgo m\u00e1s para el futuro de la legisladora? Su<\/p>\n","protected":false},"author":4,"featured_media":24557,"comment_status":"closed","ping_status":"closed","sticky":false,"template":"","format":"standard","meta":{"_jetpack_memberships_contains_paid_content":false,"footnotes":""},"categories":[4,1],"tags":[],"class_list":["post-24543","post","type-post","status-publish","format-standard","has-post-thumbnail","hentry","category-politica","category-portada"],"jetpack_featured_media_url":"https:\/\/i0.wp.com\/cdnoticias.com\/wp-content\/uploads\/2021\/06\/Liliana-Schwindt-01.jpg?fit=1200%2C667&ssl=1","jetpack_sharing_enabled":true,"_links":{"self":[{"href":"https:\/\/cdnoticias.com\/index.php\/wp-json\/wp\/v2\/posts\/24543","targetHints":{"allow":["GET"]}}],"collection":[{"href":"https:\/\/cdnoticias.com\/index.php\/wp-json\/wp\/v2\/posts"}],"about":[{"href":"https:\/\/cdnoticias.com\/index.php\/wp-json\/wp\/v2\/types\/post"}],"author":[{"embeddable":true,"href":"https:\/\/cdnoticias.com\/index.php\/wp-json\/wp\/v2\/users\/4"}],"replies":[{"embeddable":true,"href":"https:\/\/cdnoticias.com\/index.php\/wp-json\/wp\/v2\/comments?post=24543"}],"version-history":[{"count":0,"href":"https:\/\/cdnoticias.com\/index.php\/wp-json\/wp\/v2\/posts\/24543\/revisions"}],"wp:featuredmedia":[{"embeddable":true,"href":"https:\/\/cdnoticias.com\/index.php\/wp-json\/wp\/v2\/media\/24557"}],"wp:attachment":[{"href":"https:\/\/cdnoticias.com\/index.php\/wp-json\/wp\/v2\/media?parent=24543"}],"wp:term":[{"taxonomy":"category","embeddable":true,"href":"https:\/\/cdnoticias.com\/index.php\/wp-json\/wp\/v2\/categories?post=24543"},{"taxonomy":"post_tag","embeddable":true,"href":"https:\/\/cdnoticias.com\/index.php\/wp-json\/wp\/v2\/tags?post=24543"}],"curies":[{"name":"wp","href":"https:\/\/api.w.org\/{rel}","templated":true}]}}