{"id":2454,"date":"2020-09-25T15:37:36","date_gmt":"2020-09-25T18:37:36","guid":{"rendered":"http:\/\/www.centraldenoticias.com.ar\/?p=2454"},"modified":"2020-09-25T15:37:36","modified_gmt":"2020-09-25T18:37:36","slug":"aprovecha-a-capacitarte-curso-sobre-comunicacion-politica-en-pandemia","status":"publish","type":"post","link":"https:\/\/cdnoticias.com\/index.php\/2020\/09\/25\/aprovecha-a-capacitarte-curso-sobre-comunicacion-politica-en-pandemia\/","title":{"rendered":"Aprovech\u00e1 a capacitarte: Curso sobre comunicaci\u00f3n pol\u00edtica en pandemia"},"content":{"rendered":"<p>&nbsp;<\/p>\n<p>Se dictar\u00e1 a trav\u00e9s del aula virtual de la Facultad de Ciencias Sociales. Aportar\u00e1 herramientas de an\u00e1lisis y de trabajo en la comunicaci\u00f3n pol\u00edtica en este contexto de pandemia. Ser\u00e1 dictado por Josefina Bargas, Alexis Grierson, Tom\u00e1s Aguerre y Diego Villanueva.<!--more--><\/p>\n<hr \/>\n<p>La Facultad de Ciencias Sociales ofrecer\u00e1 el curso virtual denominado Comunicaci\u00f3n pol\u00edtica en pandemia que estar\u00e1 a cargo de <strong>los talleristas Josefina Bargas y Alexis Grierson con la participaci\u00f3n de los licenciados Tom\u00e1s Aguerre y Diego Villanueva.<\/strong><\/p>\n<p>&nbsp;<\/p>\n<p>Iniciar\u00e1 el <strong>lunes 19 de octubre<\/strong> a trav\u00e9s del aula virtual de la Facultad de Ciencias Sociales y contar\u00e1 con una duraci\u00f3n de<strong> tres semanas<\/strong>, con encuentros sincr\u00f3nicos (en vivo) de 15:00 a 17:00.<\/p>\n<p>&nbsp;<\/p>\n<p>La propuesta tiene como objetivo brindar <strong>herramientas de an\u00e1lisis y de trabajo en la comunicaci\u00f3n pol\u00edtica.<\/strong> Se basa en la necesidad de difundir las mismas en este contexto de pandemia en el \u00e1mbito de la <strong>pol\u00edtica gubernamental, partidaria y de instituciones en general.<\/strong> A su vez, adelantar algunas de las medidas que ya se analizan y aceptan para el desarrollo de la pr\u00f3xima campa\u00f1a electoral para la que se espera la continuidad del contexto de pandemia.<\/p>\n<p>&nbsp;<\/p>\n<p><strong>Costos e inscripci\u00f3n<\/strong><\/p>\n<p>&nbsp;<\/p>\n<p><strong>El costo del curso es de 650 pesos<\/strong>, en car\u00e1cter de gastos administrativos y operativos. La inscripci\u00f3n, que estar\u00e1 abierta hasta el 13 de octubre, consta de dos etapas: el registro online completando el formulario <a href=\"https:\/\/docs.google.com\/forms\/d\/e\/1FAIpQLSdsbatWlcNUO9QabalnsYUFvQ9vD3rjHiA8VaT6xMldnT2IqQ\/viewform\" target=\"_blank\" rel=\"noopener\">disponible aqu\u00ed<\/a>; y posteriormente realizando el pago correspondiente mediante dep\u00f3sito o transferencia bancaria o bien mediante facturaci\u00f3n electr\u00f3nica, donde recibir\u00e1n la factura correspondiente que deber\u00e1 ser abonada por Red Banelco, Red Link o Pago F\u00e1cil.<\/p>\n<p>&nbsp;<\/p>\n<p>Por consultas deber\u00e1n comunicarse por e-mail a cursos@virtual.soc.unicen.edu.ar.<\/p>\n","protected":false},"excerpt":{"rendered":"<p>&nbsp; Se dictar\u00e1 a trav\u00e9s del aula virtual de la Facultad de Ciencias Sociales. Aportar\u00e1 herramientas de an\u00e1lisis y de<\/p>\n","protected":false},"author":5,"featured_media":2455,"comment_status":"closed","ping_status":"closed","sticky":false,"template":"","format":"standard","meta":{"_jetpack_memberships_contains_paid_content":false,"footnotes":""},"categories":[5,1],"tags":[],"class_list":["post-2454","post","type-post","status-publish","format-standard","has-post-thumbnail","hentry","category-informacion-general","category-portada"],"jetpack_featured_media_url":"https:\/\/i0.wp.com\/cdnoticias.com\/wp-content\/uploads\/2020\/09\/compolint.jpg?fit=800%2C807&ssl=1","jetpack_sharing_enabled":true,"_links":{"self":[{"href":"https:\/\/cdnoticias.com\/index.php\/wp-json\/wp\/v2\/posts\/2454","targetHints":{"allow":["GET"]}}],"collection":[{"href":"https:\/\/cdnoticias.com\/index.php\/wp-json\/wp\/v2\/posts"}],"about":[{"href":"https:\/\/cdnoticias.com\/index.php\/wp-json\/wp\/v2\/types\/post"}],"author":[{"embeddable":true,"href":"https:\/\/cdnoticias.com\/index.php\/wp-json\/wp\/v2\/users\/5"}],"replies":[{"embeddable":true,"href":"https:\/\/cdnoticias.com\/index.php\/wp-json\/wp\/v2\/comments?post=2454"}],"version-history":[{"count":0,"href":"https:\/\/cdnoticias.com\/index.php\/wp-json\/wp\/v2\/posts\/2454\/revisions"}],"wp:featuredmedia":[{"embeddable":true,"href":"https:\/\/cdnoticias.com\/index.php\/wp-json\/wp\/v2\/media\/2455"}],"wp:attachment":[{"href":"https:\/\/cdnoticias.com\/index.php\/wp-json\/wp\/v2\/media?parent=2454"}],"wp:term":[{"taxonomy":"category","embeddable":true,"href":"https:\/\/cdnoticias.com\/index.php\/wp-json\/wp\/v2\/categories?post=2454"},{"taxonomy":"post_tag","embeddable":true,"href":"https:\/\/cdnoticias.com\/index.php\/wp-json\/wp\/v2\/tags?post=2454"}],"curies":[{"name":"wp","href":"https:\/\/api.w.org\/{rel}","templated":true}]}}