{"id":24521,"date":"2021-06-20T18:47:37","date_gmt":"2021-06-20T21:47:37","guid":{"rendered":"http:\/\/www.centraldenoticias.com.ar\/?p=24521"},"modified":"2021-06-20T18:47:37","modified_gmt":"2021-06-20T21:47:37","slug":"teresa-catalina-gyarmati-frisenhan-viuda-de-beratz-q-e-p-d","status":"publish","type":"post","link":"https:\/\/cdnoticias.com\/index.php\/2021\/06\/20\/teresa-catalina-gyarmati-frisenhan-viuda-de-beratz-q-e-p-d\/","title":{"rendered":"Teresa Catalina Gyarmati Frisenhan viuda de Beratz (Q.E.P.D.)"},"content":{"rendered":"<p>Falleci\u00f3 en Olavarr\u00eda el d\u00eda 20 de junio de 2021 a los 83 a\u00f1os de edad.<\/p>\n<p>&nbsp;<\/p>\n<p>Sus hijos Claudia Beratz de Errobidart y Fabio Beratz. Sus hijos pol\u00edticos Carolina Barcelona y Jos\u00e9 Errobidart. Sus nietos Yamila, Florencia y Franco Errobidart y Agustina Beratz. Su bisnieta Nicole Jazm\u00edn Carli Errobidardt. Familiares, amigos y dem\u00e1s deudos participan de su fallecimiento.<\/p>\n<p>&nbsp;<\/p>\n<p>Sin velatorio. Responso: Crematorio Pinos de Paz. Cremaci\u00f3n: Crematorio Pinos de Paz, en d\u00eda a confirmar. Servicio adherido a Coopelectric.<\/p>\n<p>&nbsp;<\/p>\n<p>Barrio en el que viv\u00eda: Sarmiento Norte<\/p>\n<p>&nbsp;<\/p>\n<p>Lugar de nacimiento: Arboledas<\/p>\n<p>&nbsp;<\/p>\n<p>Actividad que desarrollaba: Ama de casa, Jubilada y Pensionada<\/p>\n","protected":false},"excerpt":{"rendered":"<p>Falleci\u00f3 en Olavarr\u00eda el d\u00eda 20 de junio de 2021 a los 83 a\u00f1os de edad. &nbsp; Sus hijos Claudia<\/p>\n","protected":false},"author":4,"featured_media":0,"comment_status":"closed","ping_status":"closed","sticky":false,"template":"","format":"standard","meta":{"_jetpack_memberships_contains_paid_content":false,"footnotes":""},"categories":[10],"tags":[],"class_list":["post-24521","post","type-post","status-publish","format-standard","hentry","category-necrologicas"],"jetpack_featured_media_url":"","jetpack_sharing_enabled":true,"_links":{"self":[{"href":"https:\/\/cdnoticias.com\/index.php\/wp-json\/wp\/v2\/posts\/24521","targetHints":{"allow":["GET"]}}],"collection":[{"href":"https:\/\/cdnoticias.com\/index.php\/wp-json\/wp\/v2\/posts"}],"about":[{"href":"https:\/\/cdnoticias.com\/index.php\/wp-json\/wp\/v2\/types\/post"}],"author":[{"embeddable":true,"href":"https:\/\/cdnoticias.com\/index.php\/wp-json\/wp\/v2\/users\/4"}],"replies":[{"embeddable":true,"href":"https:\/\/cdnoticias.com\/index.php\/wp-json\/wp\/v2\/comments?post=24521"}],"version-history":[{"count":0,"href":"https:\/\/cdnoticias.com\/index.php\/wp-json\/wp\/v2\/posts\/24521\/revisions"}],"wp:attachment":[{"href":"https:\/\/cdnoticias.com\/index.php\/wp-json\/wp\/v2\/media?parent=24521"}],"wp:term":[{"taxonomy":"category","embeddable":true,"href":"https:\/\/cdnoticias.com\/index.php\/wp-json\/wp\/v2\/categories?post=24521"},{"taxonomy":"post_tag","embeddable":true,"href":"https:\/\/cdnoticias.com\/index.php\/wp-json\/wp\/v2\/tags?post=24521"}],"curies":[{"name":"wp","href":"https:\/\/api.w.org\/{rel}","templated":true}]}}