{"id":2451,"date":"2020-09-25T15:32:16","date_gmt":"2020-09-25T18:32:16","guid":{"rendered":"http:\/\/www.centraldenoticias.com.ar\/?p=2451"},"modified":"2020-09-25T15:32:16","modified_gmt":"2020-09-25T18:32:16","slug":"galli-ante-las-criticas-de-viento-en-contra-no-queremos-dejar-afuera-a-nadie","status":"publish","type":"post","link":"https:\/\/cdnoticias.com\/index.php\/2020\/09\/25\/galli-ante-las-criticas-de-viento-en-contra-no-queremos-dejar-afuera-a-nadie\/","title":{"rendered":"Galli, ante las cr\u00edticas de \u201cViento en contra\u201d: \u201cno queremos dejar afuera a nadie\u201d"},"content":{"rendered":"<p><span style=\"color: #000000;\">Los funcionarios municipales dieron cuenta de estar al tanto de los planteos de la cooperativa de recicladores. \u201cTodo se soluciona articulando bien, siendo honestos y trabajando en conjunto\u201d dijo Julio Valetutto.<\/span><\/p>\n<hr \/>\n<p><!--more--><\/p>\n<p><span style=\"color: #000000;\">En el marco de la conferencia realizada este viernes en el Centro Cultural Municipal, donde <a href=\"https:\/\/cdnoticias.com\/index.php\/2020\/09\/25\/olavarria-da-un-giro-para-reciclar-y-separar-residuos\/\">se present\u00f3 el proyecto \u201cGiro\u201d y a la Fundaci\u00f3n Mckinsey<\/a> que llevar\u00e1 adelante la iniciativa, los funcionarios municipales respondieron sobre las<a href=\"https:\/\/cdnoticias.com\/index.php\/2020\/09\/13\/viento-en-contra-sin-cartoneras-y-cartoneros-no-hay-reciclado\/\"> cr\u00edticas que d\u00edas pasados formul\u00f3 la cooperativa \u201cViento en contra\u201d<\/a>.<\/span><\/p>\n<p><span style=\"color: #000000;\">Se trata de una entidad local que se dedica al reciclado y comercializaci\u00f3n, y <strong>tras plantear dudas respecto de la labor de la fundaci\u00f3n cuestion\u00f3 la \u201cfalta de atenci\u00f3n\u201d del Municipio para sus reclamos<\/strong>.<\/span><\/p>\n<p><span style=\"color: #000000;\">\u201c<strong>Respecto de Viento en Contra por supuesto que hemos tenido much\u00edsimas reuniones sobre este tema y otros tambi\u00e9n<\/strong>. Ellos retirar los materiales de los Ecopuntos y hemos estado trabajando en conjunto por much\u00edsimos temas\u201d respondi\u00f3 el secretario Julio Valetutto quien agreg\u00f3 que \u201c<strong>por supuesto que vimos el comunicado y tambi\u00e9n estuvimos en contacto<\/strong>\u201d. <\/span><\/p>\n<p><span style=\"color: #000000;\">El funcionario enmarc\u00f3 el planteo de la cooperativa en una situaci\u00f3n \u201cesperable\u201d. \u201c<strong>Puede suceder al margen de la cooperativa o el actor que sea, que este tipo de cambios generen un poco de resistencia o confusiones<\/strong> sobre qu\u00e9 se trata, a qu\u00e9 se debe, o cu\u00e1l es el objetivo. Todo se soluciona articulando bien, siendo honestos y trabajando en conjunto\u201d subray\u00f3.<\/span><\/p>\n<p><span style=\"color: #000000;\">Retom\u00f3 luego la idea del trabajo desde el Municipio, \u201c<strong>hay un equipo de trabajo que quiere generar un modelo de principio a fin, que incluya m\u00e1s gente y que mejore la vida de los olavarrienses<\/strong>. No hay ninguna otra cosa detr\u00e1s. Y por supuesto que vamos a trabajar en conjunto con ellos para que sean parte protagonista de este cambio en la ciudad porque, en definitiva, es mejorarle la vida a las personas\u201d. Valetutto agreg\u00f3 que \u201c<strong>estamos trabajando, estamos en contacto y a lo largo del tiempo vamos a ir mejorando esas relaciones y empoderando a todos los actores para que seamos parte de este cambio<\/strong>\u201d.<\/span><\/p>\n<p><span style=\"color: #000000;\">Luego, el intendente Ezequiel Galli tambi\u00e9n se expres\u00f3 a tono con las palabras del secretario. \u201c<strong>Ac\u00e1 no queremos dejar afuera a nadie<\/strong>. La idea es todo lo contrario, es que todos los actores -ya sea la cooperativa Viento en contra o todas las cooperativas que se generen o puedan crear en el transcurso del tiempo- sean parte de este trabajo. Porque <strong>esto genera empleo, genera un c\u00edrculo virtuoso<\/strong> que es nada m\u00e1s y nada menos que dejar de enterrar un mont\u00f3n de residuos s\u00f3lidos urbanos que tienen un valor econ\u00f3mico y se los puede comercializar\u201d manifest\u00f3.<\/span><\/p>\n<p><span style=\"color: #000000;\">Consider\u00f3 que \u201c<strong>lo que hoy est\u00e1 haciendo la cooperativa Viento en contra es algo as\u00ed chiquitito en comparaci\u00f3n con lo que puede llegar a hacer el d\u00eda de ma\u00f1ana<\/strong>. Tenemos que pensar un poquito m\u00e1s a futuro e ir con un poco m\u00e1s de ambici\u00f3n en capacitar a la cooperativa para que sea parte activa de este proyecto y que el d\u00eda de ma\u00f1ana tenga un crecimiento sustancial\u201d.<\/span><\/p>\n","protected":false},"excerpt":{"rendered":"<p>Los funcionarios municipales dieron cuenta de estar al tanto de los planteos de la cooperativa de recicladores. \u201cTodo se soluciona<\/p>\n","protected":false},"author":4,"featured_media":2435,"comment_status":"closed","ping_status":"closed","sticky":false,"template":"","format":"standard","meta":{"_jetpack_memberships_contains_paid_content":false,"footnotes":""},"categories":[5,1],"tags":[],"class_list":["post-2451","post","type-post","status-publish","format-standard","has-post-thumbnail","hentry","category-informacion-general","category-portada"],"jetpack_featured_media_url":"https:\/\/i0.wp.com\/cdnoticias.com\/wp-content\/uploads\/2020\/09\/ConferenciaReciclado.jpeg?fit=1280%2C853&ssl=1","jetpack_sharing_enabled":true,"_links":{"self":[{"href":"https:\/\/cdnoticias.com\/index.php\/wp-json\/wp\/v2\/posts\/2451","targetHints":{"allow":["GET"]}}],"collection":[{"href":"https:\/\/cdnoticias.com\/index.php\/wp-json\/wp\/v2\/posts"}],"about":[{"href":"https:\/\/cdnoticias.com\/index.php\/wp-json\/wp\/v2\/types\/post"}],"author":[{"embeddable":true,"href":"https:\/\/cdnoticias.com\/index.php\/wp-json\/wp\/v2\/users\/4"}],"replies":[{"embeddable":true,"href":"https:\/\/cdnoticias.com\/index.php\/wp-json\/wp\/v2\/comments?post=2451"}],"version-history":[{"count":0,"href":"https:\/\/cdnoticias.com\/index.php\/wp-json\/wp\/v2\/posts\/2451\/revisions"}],"wp:featuredmedia":[{"embeddable":true,"href":"https:\/\/cdnoticias.com\/index.php\/wp-json\/wp\/v2\/media\/2435"}],"wp:attachment":[{"href":"https:\/\/cdnoticias.com\/index.php\/wp-json\/wp\/v2\/media?parent=2451"}],"wp:term":[{"taxonomy":"category","embeddable":true,"href":"https:\/\/cdnoticias.com\/index.php\/wp-json\/wp\/v2\/categories?post=2451"},{"taxonomy":"post_tag","embeddable":true,"href":"https:\/\/cdnoticias.com\/index.php\/wp-json\/wp\/v2\/tags?post=2451"}],"curies":[{"name":"wp","href":"https:\/\/api.w.org\/{rel}","templated":true}]}}