{"id":2450,"date":"2020-09-25T15:29:27","date_gmt":"2020-09-25T18:29:27","guid":{"rendered":"http:\/\/www.centraldenoticias.com.ar\/?p=2450"},"modified":"2020-09-25T15:29:27","modified_gmt":"2020-09-25T18:29:27","slug":"varios-sectores-de-olavarria-y-localidades-afectados-por-cortes-de-electricidad","status":"publish","type":"post","link":"https:\/\/cdnoticias.com\/index.php\/2020\/09\/25\/varios-sectores-de-olavarria-y-localidades-afectados-por-cortes-de-electricidad\/","title":{"rendered":"Varios sectores de Olavarr\u00eda y localidades afectados por cortes de electricidad"},"content":{"rendered":"<p>As\u00ed detall\u00f3 Coopelectric, desde donde adem\u00e1s se explic\u00f3 que las complicaciones se deben a una falla en una l\u00ednea de media tensi\u00f3n. <strong>Podr\u00edan registrarse adem\u00e1s problemas de baja presi\u00f3n en el servicio de agua.<\/strong><\/p>\n<hr \/>\n<p>&nbsp;<\/p>\n<p><strong>\u201cUna falla en la l\u00ednea 1 de media tensi\u00f3n\u201d<\/strong>. De esa manera desde Coopelectric se explic\u00f3 el origen del problema que ha ocasionado que numerosos cortes de electricidad en varios puntos de nuestra ciudad y el partido de Olavarr\u00eda. <strong>El dato no menor es que entre los lugares afectados se encuentran varios pozos de extracci\u00f3n de agua, por lo que en las pr\u00f3ximas horas tambi\u00e9n podr\u00eda llegar a registrarse baja presi\u00f3n.<\/strong><\/p>\n<p>&nbsp;<\/p>\n<p>Desde la empresa prestadora de ambos servicios se detall\u00f3 que las reiteradas interrupciones en el suministro el\u00e9ctrico se ha dado en los<strong> barrios Pickelado, Parque Arano, La Candela, Militares, La Rural, Los Barrancos, Sarmiento, Alberdi y San Lorenzo, adem\u00e1s de los sistemas rurales de Crotto, Ruta 60, Pourtal\u00e9 y la \u201cl\u00ednea troncal de Blanca Grande\u201d.<\/strong><\/p>\n<p>&nbsp;<\/p>\n<p>Se expres\u00f3 que &#8220;<strong>desde la ma\u00f1ana el personal de Coopelectric se encuentra trabajando en el sector<\/strong> y contin\u00faa haci\u00e9ndolo con la finalidad de dar una soluci\u00f3n definitiva para normalizar totalmente el Servicio&#8221;.<\/p>\n<p>&nbsp;<\/p>\n<p>En cuanto al Servicio Sanitario, <strong>podr\u00eda registrarse baja presi\u00f3n, por lo que se solicit\u00f3 a los vecinos tomar los recaudos necesarios para administrar su consumo de forma tal que puedan abastecerse con la reserva de su tanque domiciliario.<\/strong><\/p>\n","protected":false},"excerpt":{"rendered":"<p>As\u00ed detall\u00f3 Coopelectric, desde donde adem\u00e1s se explic\u00f3 que las complicaciones se deben a una falla en una l\u00ednea de<\/p>\n","protected":false},"author":3,"featured_media":2010,"comment_status":"closed","ping_status":"closed","sticky":false,"template":"","format":"standard","meta":{"_jetpack_memberships_contains_paid_content":false,"footnotes":""},"categories":[5,1],"tags":[],"class_list":["post-2450","post","type-post","status-publish","format-standard","has-post-thumbnail","hentry","category-informacion-general","category-portada"],"jetpack_featured_media_url":"https:\/\/i0.wp.com\/cdnoticias.com\/wp-content\/uploads\/2020\/09\/Coopelectric.jpeg?fit=1280%2C853&ssl=1","jetpack_sharing_enabled":true,"_links":{"self":[{"href":"https:\/\/cdnoticias.com\/index.php\/wp-json\/wp\/v2\/posts\/2450","targetHints":{"allow":["GET"]}}],"collection":[{"href":"https:\/\/cdnoticias.com\/index.php\/wp-json\/wp\/v2\/posts"}],"about":[{"href":"https:\/\/cdnoticias.com\/index.php\/wp-json\/wp\/v2\/types\/post"}],"author":[{"embeddable":true,"href":"https:\/\/cdnoticias.com\/index.php\/wp-json\/wp\/v2\/users\/3"}],"replies":[{"embeddable":true,"href":"https:\/\/cdnoticias.com\/index.php\/wp-json\/wp\/v2\/comments?post=2450"}],"version-history":[{"count":0,"href":"https:\/\/cdnoticias.com\/index.php\/wp-json\/wp\/v2\/posts\/2450\/revisions"}],"wp:featuredmedia":[{"embeddable":true,"href":"https:\/\/cdnoticias.com\/index.php\/wp-json\/wp\/v2\/media\/2010"}],"wp:attachment":[{"href":"https:\/\/cdnoticias.com\/index.php\/wp-json\/wp\/v2\/media?parent=2450"}],"wp:term":[{"taxonomy":"category","embeddable":true,"href":"https:\/\/cdnoticias.com\/index.php\/wp-json\/wp\/v2\/categories?post=2450"},{"taxonomy":"post_tag","embeddable":true,"href":"https:\/\/cdnoticias.com\/index.php\/wp-json\/wp\/v2\/tags?post=2450"}],"curies":[{"name":"wp","href":"https:\/\/api.w.org\/{rel}","templated":true}]}}