{"id":24478,"date":"2021-06-20T13:02:50","date_gmt":"2021-06-20T16:02:50","guid":{"rendered":"http:\/\/www.centraldenoticias.com.ar\/?p=24478"},"modified":"2021-06-20T19:38:39","modified_gmt":"2021-06-20T22:38:39","slug":"dia-de-la-bandera-acto-en-homenaje-a-manuel-belgrano","status":"publish","type":"post","link":"https:\/\/cdnoticias.com\/index.php\/2021\/06\/20\/dia-de-la-bandera-acto-en-homenaje-a-manuel-belgrano\/","title":{"rendered":"D\u00eda de la Bandera: acto en homenaje a Manuel Belgrano"},"content":{"rendered":"<p>Se desarroll\u00f3 en la Plaza Belgrano, del barrio San Vicente, donde estuvo el intendente Ezequiel Galli.<!--more--><\/p>\n<hr \/>\n<p><strong>En la ma\u00f1ana de este domingo se desarroll\u00f3 el acto por el D\u00eda de la Bandera<\/strong>. Con cita en la Plaza Belgrano, <em>la conmemoraci\u00f3n fue organizada por vecinos y vecinas del barrio San Vicente, Asociaci\u00f3n Cultural Belgraniana y la Municipalidad del Partido de Olavarr\u00eda<\/em>.<\/p>\n<p>&nbsp;<\/p>\n<p>Cont\u00f3 con la presencia del <strong>intendente Ezequiel Galli<\/strong>, el presidente del HCD Bruno Cenizo, el presidente del Instituto Nacional Belgraniano Manuel Belgrano, el Teniente Coronel Cristian Castellanos del Regimiento de Caballer\u00eda de Tanques II, la capitana Victoria Harasimowich del Escuadr\u00f3n de Igenieros Blindados I.<\/p>\n<p><img data-recalc-dims=\"1\" loading=\"lazy\" decoding=\"async\" class=\"size-full wp-image-24479 aligncenter\" src=\"https:\/\/i0.wp.com\/cdnoticias.com\/wp-content\/uploads\/2021\/06\/acto-belgrano-bandera-01.jpg?resize=800%2C600&#038;ssl=1\" alt=\"\" width=\"800\" height=\"600\" srcset=\"https:\/\/i0.wp.com\/cdnoticias.com\/wp-content\/uploads\/2021\/06\/acto-belgrano-bandera-01.jpg?w=800&amp;ssl=1 800w, https:\/\/i0.wp.com\/cdnoticias.com\/wp-content\/uploads\/2021\/06\/acto-belgrano-bandera-01.jpg?resize=300%2C225&amp;ssl=1 300w, https:\/\/i0.wp.com\/cdnoticias.com\/wp-content\/uploads\/2021\/06\/acto-belgrano-bandera-01.jpg?resize=768%2C576&amp;ssl=1 768w\" sizes=\"auto, (max-width: 800px) 100vw, 800px\" \/><\/p>\n<p>Tambi\u00e9n estuvieron los secretarios de Gobierno Hilario Galli y de Desarrollo Humano y Calidad de Vida Diego Robbiani, el presidente de la Asociaci\u00f3n Cultural Sanmartiniana H\u00e9ctor Hoyos, Agrupaci\u00f3n Veteranos de Guerra \u201c2 de Abril\u201d, la Uni\u00f3n Nacional de Soldados Continentales Olavarr\u00eda, la directora del Colegio Estrada Ana Clara Venier y la comunidad del barrio San Vicente.<\/p>\n<p>&nbsp;<\/p>\n<blockquote class=\"twitter-tweet\">\n<p dir=\"ltr\" lang=\"es\">En el <a href=\"https:\/\/twitter.com\/hashtag\/DiaDeLaBandera?src=hash&amp;ref_src=twsrc%5Etfw\">#DiaDeLaBandera<\/a>, nuestro homenaje en su creador. <a href=\"https:\/\/t.co\/zDehwuWubB\">pic.twitter.com\/zDehwuWubB<\/a><\/p>\n<p>\u2014 Ezequiel Galli (@ezequielgalli) <a href=\"https:\/\/twitter.com\/ezequielgalli\/status\/1406652041624236035?ref_src=twsrc%5Etfw\">June 20, 2021<\/a><\/p><\/blockquote>\n<p><script async src=\"https:\/\/platform.twitter.com\/widgets.js\" charset=\"utf-8\"><\/script><\/p>\n<p>&nbsp;<\/p>\n<p>El acto comenz\u00f3 con la entonaci\u00f3n de las estrofas del <strong>Himno Nacional Argenti<\/strong>no y la <strong>invocaci\u00f3n religiosa<\/strong> a cargo del Presb\u00edtero Estanislao Fari\u00f1a.<\/p>\n<p><img data-recalc-dims=\"1\" loading=\"lazy\" decoding=\"async\" class=\"size-full wp-image-24481 aligncenter\" src=\"https:\/\/i0.wp.com\/cdnoticias.com\/wp-content\/uploads\/2021\/06\/acto-belgrano-bandera-03.jpg?resize=800%2C444&#038;ssl=1\" alt=\"\" width=\"800\" height=\"444\" srcset=\"https:\/\/i0.wp.com\/cdnoticias.com\/wp-content\/uploads\/2021\/06\/acto-belgrano-bandera-03.jpg?w=895&amp;ssl=1 895w, https:\/\/i0.wp.com\/cdnoticias.com\/wp-content\/uploads\/2021\/06\/acto-belgrano-bandera-03.jpg?resize=300%2C167&amp;ssl=1 300w, https:\/\/i0.wp.com\/cdnoticias.com\/wp-content\/uploads\/2021\/06\/acto-belgrano-bandera-03.jpg?resize=768%2C426&amp;ssl=1 768w, https:\/\/i0.wp.com\/cdnoticias.com\/wp-content\/uploads\/2021\/06\/acto-belgrano-bandera-03.jpg?resize=800%2C445&amp;ssl=1 800w\" sizes=\"auto, (max-width: 800px) 100vw, 800px\" \/><\/p>\n<p>Luego se procedi\u00f3 a la <strong>colocaci\u00f3n de palmas al pie del monumento<\/strong>. El intendente Galli junto al licenciado Manuel Belgrano fueron quienes lo hicieron en primer lugar, luego colocaron ofrenda Patricia Solle de Bonavetti acompa\u00f1ada por Anah\u00ed Grande.<\/p>\n<p>&nbsp;<\/p>\n<p>Para culminar, Pablo Yaquemet comparti\u00f3 una poes\u00eda y el acto culmin\u00f3 con la entonaci\u00f3n de \u201cMi Bandera\u201d.<\/p>\n<p>&nbsp;<\/p>\n<p>Por otro lado, se difundi\u00f3 la conmemoraci\u00f3n que durante la semana<a href=\"https:\/\/cdnoticias.com\/index.php\/2021\/06\/20\/los-jardines-y-centros-de-dia-tambien-celebraron-a-la-bandera\/\" target=\"_blank\" rel=\"noopener\"> llevaron adelante los Centros de D\u00eda y Jardines Maternales municipales<\/a>.<\/p>\n<p><img data-recalc-dims=\"1\" loading=\"lazy\" decoding=\"async\" class=\"size-full wp-image-24480 aligncenter\" src=\"https:\/\/i0.wp.com\/cdnoticias.com\/wp-content\/uploads\/2021\/06\/acto-belgrano-bandera-02.jpg?resize=800%2C444&#038;ssl=1\" alt=\"\" width=\"800\" height=\"444\" srcset=\"https:\/\/i0.wp.com\/cdnoticias.com\/wp-content\/uploads\/2021\/06\/acto-belgrano-bandera-02.jpg?w=800&amp;ssl=1 800w, https:\/\/i0.wp.com\/cdnoticias.com\/wp-content\/uploads\/2021\/06\/acto-belgrano-bandera-02.jpg?resize=300%2C167&amp;ssl=1 300w, https:\/\/i0.wp.com\/cdnoticias.com\/wp-content\/uploads\/2021\/06\/acto-belgrano-bandera-02.jpg?resize=768%2C426&amp;ssl=1 768w\" sizes=\"auto, (max-width: 800px) 100vw, 800px\" \/><\/p>\n","protected":false},"excerpt":{"rendered":"<p>Se desarroll\u00f3 en la Plaza Belgrano, del barrio San Vicente, donde estuvo el intendente Ezequiel Galli.<\/p>\n","protected":false},"author":4,"featured_media":24482,"comment_status":"closed","ping_status":"closed","sticky":false,"template":"","format":"standard","meta":{"_jetpack_memberships_contains_paid_content":false,"footnotes":""},"categories":[5,1],"tags":[],"class_list":["post-24478","post","type-post","status-publish","format-standard","has-post-thumbnail","hentry","category-informacion-general","category-portada"],"jetpack_featured_media_url":"https:\/\/i0.wp.com\/cdnoticias.com\/wp-content\/uploads\/2021\/06\/acto-belgrano-bandera-00.jpg?fit=800%2C445&ssl=1","jetpack_sharing_enabled":true,"_links":{"self":[{"href":"https:\/\/cdnoticias.com\/index.php\/wp-json\/wp\/v2\/posts\/24478","targetHints":{"allow":["GET"]}}],"collection":[{"href":"https:\/\/cdnoticias.com\/index.php\/wp-json\/wp\/v2\/posts"}],"about":[{"href":"https:\/\/cdnoticias.com\/index.php\/wp-json\/wp\/v2\/types\/post"}],"author":[{"embeddable":true,"href":"https:\/\/cdnoticias.com\/index.php\/wp-json\/wp\/v2\/users\/4"}],"replies":[{"embeddable":true,"href":"https:\/\/cdnoticias.com\/index.php\/wp-json\/wp\/v2\/comments?post=24478"}],"version-history":[{"count":0,"href":"https:\/\/cdnoticias.com\/index.php\/wp-json\/wp\/v2\/posts\/24478\/revisions"}],"wp:featuredmedia":[{"embeddable":true,"href":"https:\/\/cdnoticias.com\/index.php\/wp-json\/wp\/v2\/media\/24482"}],"wp:attachment":[{"href":"https:\/\/cdnoticias.com\/index.php\/wp-json\/wp\/v2\/media?parent=24478"}],"wp:term":[{"taxonomy":"category","embeddable":true,"href":"https:\/\/cdnoticias.com\/index.php\/wp-json\/wp\/v2\/categories?post=24478"},{"taxonomy":"post_tag","embeddable":true,"href":"https:\/\/cdnoticias.com\/index.php\/wp-json\/wp\/v2\/tags?post=24478"}],"curies":[{"name":"wp","href":"https:\/\/api.w.org\/{rel}","templated":true}]}}