{"id":24464,"date":"2021-06-19T20:15:35","date_gmt":"2021-06-19T23:15:35","guid":{"rendered":"http:\/\/www.centraldenoticias.com.ar\/?p=24464"},"modified":"2021-06-19T20:15:35","modified_gmt":"2021-06-19T23:15:35","slug":"el-plan-de-vacunacion-llego-a-sierras-bayas-y-en-total-en-el-partido-se-aplicaron-500-dosis","status":"publish","type":"post","link":"https:\/\/cdnoticias.com\/index.php\/2021\/06\/19\/el-plan-de-vacunacion-llego-a-sierras-bayas-y-en-total-en-el-partido-se-aplicaron-500-dosis\/","title":{"rendered":"El Plan de Vacunaci\u00f3n lleg\u00f3 a Sierras Bayas y en total en el partido se aplicaron 500 dosis"},"content":{"rendered":"<p>Adem\u00e1s se trat\u00f3 de la primera jornada de vacunaci\u00f3n libre para mayores de 55 a\u00f1os, que este domingo seguir\u00e1 en el Servicio Territorial Municipal 2.<!--more--><\/p>\n<hr \/>\n<p>Sigue su curso el Plan Provincial de Vacunaci\u00f3n en el partido de Olavarr\u00eda, con la novedad este s\u00e1bado del inicio de la vacunaci\u00f3n libre para mayores de 55 a\u00f1os. A la par, <strong>en esta jornada se lleg\u00f3 a Sierras Bayas, m\u00e1s precisamente en el sal\u00f3n de AOMA, donde fueron inoculados m\u00e1s de una quincena de vecinos.<\/strong><\/p>\n<p>&nbsp;<\/p>\n<p>Adem\u00e1s en Olavarr\u00eda <strong>en el Servicio Territorial Municipal 2 se aplicaron 36 dosis, en el Hospital de Oncolog\u00eda 383 y en la Facultad de Ciencias de la Salud 65<\/strong>. En todas las postas se aplic\u00f3 el primer componente.<\/p>\n<p>&nbsp;<\/p>\n<p><img data-recalc-dims=\"1\" loading=\"lazy\" decoding=\"async\" class=\"alignnone size-large wp-image-24465\" src=\"https:\/\/i0.wp.com\/cdnoticias.com\/wp-content\/uploads\/2021\/06\/WhatsApp-Image-2021-06-19-at-20.02.33-1.jpeg?resize=800%2C491&#038;ssl=1\" alt=\"\" width=\"800\" height=\"491\" srcset=\"https:\/\/i0.wp.com\/cdnoticias.com\/wp-content\/uploads\/2021\/06\/WhatsApp-Image-2021-06-19-at-20.02.33-1.jpeg?resize=1024%2C629&amp;ssl=1 1024w, https:\/\/i0.wp.com\/cdnoticias.com\/wp-content\/uploads\/2021\/06\/WhatsApp-Image-2021-06-19-at-20.02.33-1.jpeg?resize=300%2C184&amp;ssl=1 300w, https:\/\/i0.wp.com\/cdnoticias.com\/wp-content\/uploads\/2021\/06\/WhatsApp-Image-2021-06-19-at-20.02.33-1.jpeg?resize=768%2C472&amp;ssl=1 768w, https:\/\/i0.wp.com\/cdnoticias.com\/wp-content\/uploads\/2021\/06\/WhatsApp-Image-2021-06-19-at-20.02.33-1.jpeg?w=1280&amp;ssl=1 1280w\" sizes=\"auto, (max-width: 800px) 100vw, 800px\" \/><\/p>\n<p>&nbsp;<\/p>\n<p><strong>Vale destacar que este domingo la vacunaci\u00f3n libre contin\u00faa en el Servicio Territorial 2<\/strong>. Todas las personas mayores de 55 podr\u00e1n vacunarse con primeras dosis presentando el DNI.<\/p>\n<p>&nbsp;<\/p>\n<p>Por \u00faltimo, durante la ma\u00f1ana Regi\u00f3n Sanitaria IX particip\u00f3 de una <a href=\"https:\/\/cdnoticias.com\/index.php\/2021\/06\/19\/mas-de-300-personas-se-acercaron-a-nueva-jornada-de-el-estado-cerca-tuyo\/\" target=\"_blank\" rel=\"noopener\">nueva edici\u00f3n del \u201cEl Estado cerca tuyo\u201d en el barrio Provincias Unidas<\/a>, junto a 14 organismos nacionales y provinciales. La actividad estuvo centrada <strong>en preinscribir a vecinas y vecinos en la campa\u00f1a de vacunaci\u00f3n y brindar informaci\u00f3n sobre los diversos programas de salud p\u00fablica que ofrece el Ministerio provincial<\/strong>.<\/p>\n","protected":false},"excerpt":{"rendered":"<p>Adem\u00e1s se trat\u00f3 de la primera jornada de vacunaci\u00f3n libre para mayores de 55 a\u00f1os, que este domingo seguir\u00e1 en<\/p>\n","protected":false},"author":3,"featured_media":24466,"comment_status":"closed","ping_status":"closed","sticky":false,"template":"","format":"standard","meta":{"_jetpack_memberships_contains_paid_content":false,"footnotes":""},"categories":[16,1],"tags":[],"class_list":["post-24464","post","type-post","status-publish","format-standard","has-post-thumbnail","hentry","category-covid-19","category-portada"],"jetpack_featured_media_url":"https:\/\/i0.wp.com\/cdnoticias.com\/wp-content\/uploads\/2021\/06\/WhatsApp-Image-2021-06-19-at-20.02.33.jpeg?fit=1280%2C843&ssl=1","jetpack_sharing_enabled":true,"_links":{"self":[{"href":"https:\/\/cdnoticias.com\/index.php\/wp-json\/wp\/v2\/posts\/24464","targetHints":{"allow":["GET"]}}],"collection":[{"href":"https:\/\/cdnoticias.com\/index.php\/wp-json\/wp\/v2\/posts"}],"about":[{"href":"https:\/\/cdnoticias.com\/index.php\/wp-json\/wp\/v2\/types\/post"}],"author":[{"embeddable":true,"href":"https:\/\/cdnoticias.com\/index.php\/wp-json\/wp\/v2\/users\/3"}],"replies":[{"embeddable":true,"href":"https:\/\/cdnoticias.com\/index.php\/wp-json\/wp\/v2\/comments?post=24464"}],"version-history":[{"count":0,"href":"https:\/\/cdnoticias.com\/index.php\/wp-json\/wp\/v2\/posts\/24464\/revisions"}],"wp:featuredmedia":[{"embeddable":true,"href":"https:\/\/cdnoticias.com\/index.php\/wp-json\/wp\/v2\/media\/24466"}],"wp:attachment":[{"href":"https:\/\/cdnoticias.com\/index.php\/wp-json\/wp\/v2\/media?parent=24464"}],"wp:term":[{"taxonomy":"category","embeddable":true,"href":"https:\/\/cdnoticias.com\/index.php\/wp-json\/wp\/v2\/categories?post=24464"},{"taxonomy":"post_tag","embeddable":true,"href":"https:\/\/cdnoticias.com\/index.php\/wp-json\/wp\/v2\/tags?post=24464"}],"curies":[{"name":"wp","href":"https:\/\/api.w.org\/{rel}","templated":true}]}}