{"id":24453,"date":"2021-06-19T17:08:58","date_gmt":"2021-06-19T20:08:58","guid":{"rendered":"http:\/\/www.centraldenoticias.com.ar\/?p=24453"},"modified":"2021-06-19T17:09:52","modified_gmt":"2021-06-19T20:09:52","slug":"el-retrato-de-belgrano-sera-parte-de-una-serie-que-se-emitira-en-canal-encuentro","status":"publish","type":"post","link":"https:\/\/cdnoticias.com\/index.php\/2021\/06\/19\/el-retrato-de-belgrano-sera-parte-de-una-serie-que-se-emitira-en-canal-encuentro\/","title":{"rendered":"El retrato de Belgrano ser\u00e1 parte de una serie que se emitir\u00e1 en canal Encuentro"},"content":{"rendered":"<p>Se trata de la obra de Carbonnier, patrimonio del Museo Municipal D\u00e1maso Arce. El estreno ser\u00e1 este domingo. <strong>Ingresa a la nota y mir\u00e1 el tr\u00e1iler de la serie.<\/strong><!--more--><\/p>\n<hr \/>\n<p>El \u201cRetrato de Manuel Belgrano\u201d de Carbonnier que es patrimonio del Museo Municipal D\u00e1maso Arce, formara parte de una serie de cuatro cap\u00edtulos realizada por una productora de la ciudad de Rosario y que<strong> se estrenar\u00e1 este domingo a las 21 horas por Canal Encuentro.<\/strong><\/p>\n<p>&nbsp;<\/p>\n<p><strong>\u201cCatalina, la mujer de la Bandera\u201d<\/strong>, dirigida por Romina Tamburello <strong>explora la vida de Catalina Echeverr\u00eda, quien en 1812 confeccion\u00f3 la bandera que Manuel Belgrano iz\u00f3 por primera vez en Rosario<\/strong>. Pero adem\u00e1s, la serie reflexiona acerca de los roles invisibilizados que han tenido las mujeres durante las primeras d\u00e9cadas del siglo XIX y sobre todo, en el proceso revolucionario.<\/p>\n<p>&nbsp;<\/p>\n<div class=\"jetpack-video-wrapper\"><iframe loading=\"lazy\" width=\"800\" height=\"450\" src=\"https:\/\/www.youtube.com\/embed\/jknaaOo0rNc?feature=oembed\" frameborder=\"0\" allow=\"accelerometer; autoplay; clipboard-write; encrypted-media; gyroscope; picture-in-picture\" allowfullscreen><\/iframe><\/div>\n<p>&nbsp;<\/p>\n<p><strong>La serie cuenta con muchos testimonios de historiadores e historiadoras<\/strong> y las imagenes de pinturas que representan y\/o ilustran c\u00f3mo eran esas mujeres del siglo XIX, as\u00ed como tambi\u00e9n ciertas vistas de la ciudad de Rosario, Buenos Aires, el R\u00edo Paran\u00e1, etc.<\/p>\n<p>&nbsp;<\/p>\n<p>Entre las obras pict\u00f3ricas se encuentran del Museo Nacional de Bellas Artes, el Museo Hist\u00f3rico Nacional, el Museo Hist\u00f3rico Julio Marc y el Museo Castagnino de Rosario; a la que se suma la<strong> obra que forma parte del patrimonio olavarriense realizada por Carbonnier<\/strong>.<\/p>\n","protected":false},"excerpt":{"rendered":"<p>Se trata de la obra de Carbonnier, patrimonio del Museo Municipal D\u00e1maso Arce. El estreno ser\u00e1 este domingo. Ingresa a<\/p>\n","protected":false},"author":3,"featured_media":24457,"comment_status":"closed","ping_status":"closed","sticky":false,"template":"","format":"standard","meta":{"_jetpack_memberships_contains_paid_content":false,"footnotes":""},"categories":[9,1],"tags":[],"class_list":["post-24453","post","type-post","status-publish","format-standard","has-post-thumbnail","hentry","category-cultura","category-portada"],"jetpack_featured_media_url":"https:\/\/i0.wp.com\/cdnoticias.com\/wp-content\/uploads\/2021\/06\/Cultura-Retrato-Belgrano-en-Canal-Encuentro-1024x576.jpg?fit=1024%2C576&ssl=1","jetpack_sharing_enabled":true,"_links":{"self":[{"href":"https:\/\/cdnoticias.com\/index.php\/wp-json\/wp\/v2\/posts\/24453","targetHints":{"allow":["GET"]}}],"collection":[{"href":"https:\/\/cdnoticias.com\/index.php\/wp-json\/wp\/v2\/posts"}],"about":[{"href":"https:\/\/cdnoticias.com\/index.php\/wp-json\/wp\/v2\/types\/post"}],"author":[{"embeddable":true,"href":"https:\/\/cdnoticias.com\/index.php\/wp-json\/wp\/v2\/users\/3"}],"replies":[{"embeddable":true,"href":"https:\/\/cdnoticias.com\/index.php\/wp-json\/wp\/v2\/comments?post=24453"}],"version-history":[{"count":0,"href":"https:\/\/cdnoticias.com\/index.php\/wp-json\/wp\/v2\/posts\/24453\/revisions"}],"wp:featuredmedia":[{"embeddable":true,"href":"https:\/\/cdnoticias.com\/index.php\/wp-json\/wp\/v2\/media\/24457"}],"wp:attachment":[{"href":"https:\/\/cdnoticias.com\/index.php\/wp-json\/wp\/v2\/media?parent=24453"}],"wp:term":[{"taxonomy":"category","embeddable":true,"href":"https:\/\/cdnoticias.com\/index.php\/wp-json\/wp\/v2\/categories?post=24453"},{"taxonomy":"post_tag","embeddable":true,"href":"https:\/\/cdnoticias.com\/index.php\/wp-json\/wp\/v2\/tags?post=24453"}],"curies":[{"name":"wp","href":"https:\/\/api.w.org\/{rel}","templated":true}]}}