{"id":2443,"date":"2020-09-25T14:50:54","date_gmt":"2020-09-25T17:50:54","guid":{"rendered":"http:\/\/www.centraldenoticias.com.ar\/?p=2443"},"modified":"2020-09-25T17:54:29","modified_gmt":"2020-09-25T20:54:29","slug":"olavarria-da-un-giro-para-reciclar-y-separar-residuos","status":"publish","type":"post","link":"https:\/\/cdnoticias.com\/index.php\/2020\/09\/25\/olavarria-da-un-giro-para-reciclar-y-separar-residuos\/","title":{"rendered":"Olavarr\u00eda da un \u201cGiro\u201d para separar y reciclar residuos"},"content":{"rendered":"<p>El Municipio present\u00f3 el proyecto de Gesti\u00f3n Integral de Residuos S\u00f3lidos (Giro) que buscar\u00e1 implementar con la colaboraci\u00f3n de la fundaci\u00f3n Mckinsey. \u201cQue Olavarr\u00eda le ense\u00f1e al mundo que es posible crear ese sistema de reciclado inclusivo y econ\u00f3micamente sustentable\u201d resumi\u00f3 Larissa Sakamoto.<!--more--><\/p>\n<hr \/>\n<p>\u201cEl Gobierno Municipal viene trabajando desde hace mucho tiempo en talleres, charlas, campa\u00f1as en establecimientos educativos, Ecocanje, instalaci\u00f3n de puntos verdes. Despu\u00e9s de diversas jornadas que hemos realizado en la comunidad, hacen que hoy la ciudad est\u00e9 preparada para esto. <strong>Es un gran proyecto, es muy ambicioso<\/strong>\u201d. Con esas palabras la subsecretaria de Medio Ambiente Emilia D\u00edaz, present\u00f3 el convenio que la Municipalidad firm\u00f3 con la Fundaci\u00f3n Mckinsey para implementar el programa <strong>Giro, Gesti\u00f3n Integral de Residuos de Olavarr\u00eda<\/strong>.<\/p>\n<p>En el Centro Cultural Municipal estuvieron el intendente Ezequiel Galli, el secretario de Desarrollo Econ\u00f3mico, Julio Valetutto, y por la fundaci\u00f3n Mckinsey, la l\u00edder del proyecto Giro, Larissa Sakamoto, y una de las integrantes, Paz Porres.<\/p>\n<p>Se trata de una iniciativa que <strong>se extender\u00e1 por tres a\u00f1os<\/strong> para generar en Olavarr\u00eda un sistema de reciclaje de residuos y llegar a instalar una planta para tal fin. \u201c<strong>Intervienen todos los actores para tener una gran participaci\u00f3n de la comunidad. Vamos a escuchar las opiniones y analizar la mejor metodolog\u00eda para implementar<\/strong>. Lo vamos a hacer en conjunto\u201d agreg\u00f3 D\u00edaz quien adem\u00e1s adelant\u00f3 que en breve estar\u00e1 disponible en el sitio de Gobierno Abierto <strong>una encuesta para que completen los ciudadanos y otra para los comercios<\/strong> para comenzar a recolectar opiniones.<strong> \u201cComo comunidad estamos preparados porque hace mucho que venimos trabajando esto\u201d<\/strong> subray\u00f3 la funcionaria.<\/p>\n<p><img data-recalc-dims=\"1\" loading=\"lazy\" decoding=\"async\" class=\"wp-image-2433 aligncenter\" src=\"https:\/\/i0.wp.com\/cdnoticias.com\/wp-content\/uploads\/2020\/09\/ConferenciaReciclado2.jpeg?resize=500%2C333&#038;ssl=1\" alt=\"\" width=\"500\" height=\"333\" srcset=\"https:\/\/i0.wp.com\/cdnoticias.com\/wp-content\/uploads\/2020\/09\/ConferenciaReciclado2.jpeg?resize=300%2C200&amp;ssl=1 300w, https:\/\/i0.wp.com\/cdnoticias.com\/wp-content\/uploads\/2020\/09\/ConferenciaReciclado2.jpeg?resize=768%2C512&amp;ssl=1 768w, https:\/\/i0.wp.com\/cdnoticias.com\/wp-content\/uploads\/2020\/09\/ConferenciaReciclado2.jpeg?resize=1024%2C682&amp;ssl=1 1024w, https:\/\/i0.wp.com\/cdnoticias.com\/wp-content\/uploads\/2020\/09\/ConferenciaReciclado2.jpeg?resize=272%2C182&amp;ssl=1 272w, https:\/\/i0.wp.com\/cdnoticias.com\/wp-content\/uploads\/2020\/09\/ConferenciaReciclado2.jpeg?w=1280&amp;ssl=1 1280w\" sizes=\"auto, (max-width: 500px) 100vw, 500px\" \/><\/p>\n<p><strong>Reciclar la mitad de los residuos<\/strong><\/p>\n<p><strong>\u201cEntre todas las ciudades que formaron parte de la preselecci\u00f3n, Olavarr\u00eda ha sido elegida para formar parte de este estudio que se llama Giro<\/strong>, es el segundo trabajo que va hacer Mckinsey en Argentina\u201d destac\u00f3 el intendente quien agreg\u00f3 que los integrantes de la fundaci\u00f3n \u201chan generado un equipo de trabajo en conjunto con el Municipio de Olavarr\u00eda\u201d.<\/p>\n<blockquote><p>\u201cPuede ser algo que nos coloque a nivel pa\u00eds y Latinoam\u00e9rica en la punta de lanza de lo que puede ser una r\u00e9plica del sistema en distintas ciudades. Es un d\u00eda de mucha alegr\u00eda para nosotros, hemos trabajado mucho para poder ser seleccionados\u201d celebr\u00f3 el jefe comunal.<\/p><\/blockquote>\n<p>Seg\u00fan se dio a conocer en la conferencia, este jueves se concret\u00f3 la primera reuni\u00f3n conjunta de todos los secretarios en representaci\u00f3n de las \u00e1reas municipales para la implementaci\u00f3n de este proyecto.<\/p>\n<p>El objetivo es \u201cllevar adelante un proyecto muy ambicioso, <strong>recuperar residuos a partir de la separaci\u00f3n en origen y de la recolecci\u00f3n diferenciada<\/strong>. Es recuperar esos residuos para comercializarlos\u201d explic\u00f3 Ezequiel Galli.<\/p>\n<p>M\u00e1s adelante, la subsecretaria Emilia D\u00edaz detall\u00f3 que <strong>actualmente Olavarr\u00eda produce \u201cm\u00e1s o menos un kilo de residuos por habitante por d\u00eda,<\/strong> son un poco m\u00e1s de 110 toneladas que ingresan por d\u00eda al relleno sanitario. Un 40% es materia org\u00e1nica. Una parte ir\u00eda al relleno sanitario como basura, un 10 o 20%, y el resto ser\u00eda la parte que se puede recuperar\u201d.<\/p>\n<p>La funcionaria aclar\u00f3 que con las primeras pruebas se har\u00e1n testeos para saber el porcentaje de residuo org\u00e1nico e inorg\u00e1nico. No obstante, <strong>el objetivo planteado es llegar a reciclar un 50% de la producci\u00f3n total<\/strong>. \u201cEs nuestro gran objetivo\u201d dijo al tiempo que se\u00f1al\u00f3 que se trata de una escala nunca alcanzada. En ese sentido, a\u00f1adi\u00f3 que \u201cen un 30% seguro se pueden reducir los residuos\u201d.<\/p>\n<p>Sobre este aspecto, Larissa Sakamoto, expres\u00f3 que \u201cla cantidad de residuos que recuperamos al final depende de la comunidad y de la participaci\u00f3n de cada uno\u201d.<\/p>\n<p><img data-recalc-dims=\"1\" loading=\"lazy\" decoding=\"async\" class=\"wp-image-2431 aligncenter\" src=\"https:\/\/i0.wp.com\/cdnoticias.com\/wp-content\/uploads\/2020\/09\/ConferenciaReciclado1.jpeg?resize=500%2C333&#038;ssl=1\" alt=\"\" width=\"500\" height=\"333\" srcset=\"https:\/\/i0.wp.com\/cdnoticias.com\/wp-content\/uploads\/2020\/09\/ConferenciaReciclado1.jpeg?resize=300%2C200&amp;ssl=1 300w, https:\/\/i0.wp.com\/cdnoticias.com\/wp-content\/uploads\/2020\/09\/ConferenciaReciclado1.jpeg?resize=768%2C512&amp;ssl=1 768w, https:\/\/i0.wp.com\/cdnoticias.com\/wp-content\/uploads\/2020\/09\/ConferenciaReciclado1.jpeg?resize=1024%2C682&amp;ssl=1 1024w, https:\/\/i0.wp.com\/cdnoticias.com\/wp-content\/uploads\/2020\/09\/ConferenciaReciclado1.jpeg?resize=272%2C182&amp;ssl=1 272w, https:\/\/i0.wp.com\/cdnoticias.com\/wp-content\/uploads\/2020\/09\/ConferenciaReciclado1.jpeg?w=1280&amp;ssl=1 1280w\" sizes=\"auto, (max-width: 500px) 100vw, 500px\" \/><\/p>\n<p><strong>Problema global, soluci\u00f3n local<\/strong><\/p>\n<p>El secretario Valetutto defini\u00f3 la labor de la fundaci\u00f3n Mckinsey en t\u00e9rminos de \u201ccolaboraci\u00f3n\u201d.<strong> \u201cEs una fundaci\u00f3n internacional sin fines de lucro que nos va ayudar\u201d remarc\u00f3<\/strong>.<\/p>\n<p>Se refiri\u00f3 a la \u201ccu\u00e1druple h\u00e9lice de la innovaci\u00f3n\u201d que se busca poner en marcha de la que participar\u00e1n \u201clos acad\u00e9micos y los agentes sociales, el estado y los privados. Todos trabajando en conjunto para <strong>que Olavarr\u00eda pueda ser un modelo de ciudad que gestione los residuos de una manera inteligente, sostenible, inclusiva<\/strong>\u201d.<\/p>\n<p>\u201cNosotros desde la fundaci\u00f3n tambi\u00e9n estamos muy emocionados de trabajar con la comunidad de Olavarr\u00eda\u201d se present\u00f3 Larissa Sakamoto quien coment\u00f3 que es brasile\u00f1a y que vive en Argentina desde hace un a\u00f1o y medio. \u201c<strong>En la calle notamos el entusiasmo por los programas que ya se llevan a cabo<\/strong>, como las jornadas de Ecoso\u00f1arte y tambi\u00e9n el compostaje\u201d expres\u00f3 sobre lo que ha vivido en la ciudad en las dos semanas que lleva en Olavarr\u00eda.<\/p>\n<p><img data-recalc-dims=\"1\" loading=\"lazy\" decoding=\"async\" class=\"wp-image-2432 aligncenter\" src=\"https:\/\/i0.wp.com\/cdnoticias.com\/wp-content\/uploads\/2020\/09\/ConferenciaReciclado4.jpeg?resize=500%2C333&#038;ssl=1\" alt=\"\" width=\"500\" height=\"333\" srcset=\"https:\/\/i0.wp.com\/cdnoticias.com\/wp-content\/uploads\/2020\/09\/ConferenciaReciclado4.jpeg?resize=300%2C200&amp;ssl=1 300w, https:\/\/i0.wp.com\/cdnoticias.com\/wp-content\/uploads\/2020\/09\/ConferenciaReciclado4.jpeg?resize=768%2C512&amp;ssl=1 768w, https:\/\/i0.wp.com\/cdnoticias.com\/wp-content\/uploads\/2020\/09\/ConferenciaReciclado4.jpeg?resize=1024%2C682&amp;ssl=1 1024w, https:\/\/i0.wp.com\/cdnoticias.com\/wp-content\/uploads\/2020\/09\/ConferenciaReciclado4.jpeg?resize=272%2C182&amp;ssl=1 272w, https:\/\/i0.wp.com\/cdnoticias.com\/wp-content\/uploads\/2020\/09\/ConferenciaReciclado4.jpeg?w=1280&amp;ssl=1 1280w\" sizes=\"auto, (max-width: 500px) 100vw, 500px\" \/><\/p>\n<p>&nbsp;<\/p>\n<p>\u201cRepensar el reciclado\u201d es el programa de Mckinsey que en Olavarr\u00eda se llamar\u00e1 Giro. Fue lanzado en 2018 con el objetivo de \u201cempoderar a la comunidad a construir sus propios sistemas de reciclaje que fueran inclusivos y econ\u00f3micamente sostenibles\u201d inform\u00f3 Sakamoto. La representante de la fundaci\u00f3n sostuvo que \u201choy el problema de los residuos es un problema global. <strong>En el mundo se generan m\u00e1s de tres millones y medio de toneladas de residuos al d\u00eda. Esos residuos van a un relleno o basural; y sin embargo, si fueran recuperados, reciclados y reconvertidos tendr\u00edan un valor intr\u00ednseco de m\u00e1s de 100 mil millones de d\u00f3lares al a\u00f1o<\/strong>\u201d.<\/p>\n<blockquote><p>Sakamoto defini\u00f3: \u201cNosotros aprendimos en nuestros proyectos que aunque sea una problem\u00e1tica global, la soluci\u00f3n de reciclado se tiene que llevar a cabo -ense\u00f1ar e implementar- de una manera muy local. Aprendimos lo importante que es trabajar en contacto estrecho con la comunidad y tambi\u00e9n encontrar a todos los actores para que esto funcione y se mantenga en el tiempo\u201d.<\/p><\/blockquote>\n<p>Tras exponer los antecedentes del trabajo de la fundaci\u00f3n en CABA en un barrio, Villa 31, cont\u00f3 que en 2019 la fundaci\u00f3n decidi\u00f3 llevar adelante \u201cel modelo de ciudades\u201d para lo cual buscaron en la provincia de Buenos Aires una ciudad que se adaptara a la propuesta. \u201cGan\u00f3 Olavarr\u00eda y <strong>nosotros la elegimos porque pensamos que la comunidad estaba lista para ese siguiente paso en la gesti\u00f3n de residuos y reciclaje<\/strong>. Era una comunidad que ya ten\u00eda una gran preocupaci\u00f3n por la sustentabilidad, ya ten\u00eda pr\u00e1cticas de sustentabilidad y tambi\u00e9n ten\u00eda un equipo muy fuerte enfocado en esa tem\u00e1tica\u201d.<\/p>\n<p><strong>Trabajo local en cuatro ejes<\/strong><\/p>\n<p>Seg\u00fan se explic\u00f3 en la conferencia, en Olavarr\u00eda el trabajo se llevar\u00e1 adelante en cuatro ejes.<\/p>\n<p>El primero es <strong>\u201ccompromiso y educaci\u00f3n de la comunidad\u201d<\/strong>. Se busca con ello \u201capelar a la separaci\u00f3n de residuos en tres categor\u00edas: org\u00e1nicos, inorg\u00e1nicos y la basura que no puede ser reciclada ni reconvertida\u201d indic\u00f3 Sakamoto.<\/p>\n<p><img data-recalc-dims=\"1\" loading=\"lazy\" decoding=\"async\" class=\"wp-image-2434 aligncenter\" src=\"https:\/\/i0.wp.com\/cdnoticias.com\/wp-content\/uploads\/2020\/09\/ConferenciaReciclado3.jpeg?resize=500%2C333&#038;ssl=1\" alt=\"\" width=\"500\" height=\"333\" srcset=\"https:\/\/i0.wp.com\/cdnoticias.com\/wp-content\/uploads\/2020\/09\/ConferenciaReciclado3.jpeg?resize=300%2C200&amp;ssl=1 300w, https:\/\/i0.wp.com\/cdnoticias.com\/wp-content\/uploads\/2020\/09\/ConferenciaReciclado3.jpeg?resize=768%2C512&amp;ssl=1 768w, https:\/\/i0.wp.com\/cdnoticias.com\/wp-content\/uploads\/2020\/09\/ConferenciaReciclado3.jpeg?resize=1024%2C682&amp;ssl=1 1024w, https:\/\/i0.wp.com\/cdnoticias.com\/wp-content\/uploads\/2020\/09\/ConferenciaReciclado3.jpeg?resize=272%2C182&amp;ssl=1 272w, https:\/\/i0.wp.com\/cdnoticias.com\/wp-content\/uploads\/2020\/09\/ConferenciaReciclado3.jpeg?w=1280&amp;ssl=1 1280w\" sizes=\"auto, (max-width: 500px) 100vw, 500px\" \/><\/p>\n<p>La segunda parte \u201ces una <strong>nueva log\u00edstica de recolecci\u00f3n municipal<\/strong> diferenciando esas tres categor\u00edas\u201d agreg\u00f3. Se busca que los materiales lleguen limpios y separados para su procesamiento.<\/p>\n<p>\u201cLa tercera y cuarta parte tienen que ver con <strong>crear nuevas infraestructuras de reciclaje<\/strong> para el Municipio\u201d dijo.<\/p>\n<p>Durante el primer a\u00f1o de implementaci\u00f3n \u201cestaremos muy enfocados en entender muy bien a la comunidad, el contexto local y c\u00f3mo funciona la gesti\u00f3n de residuos hoy. Y tambi\u00e9n <strong>hacer el contacto con todos los actores que trabajan en la gesti\u00f3n de residuos para, juntos, dise\u00f1ar el sistema de reciclado del futuro<\/strong>\u201d adelant\u00f3.<\/p>\n<p>D\u00edaz y Sakamoto explicaron que en ese marco, <strong>se lanzar\u00e1n pruebas piloto por zonas y barrios<\/strong> seleccionados a fin de medir el impacto y analizar el resultado. En el segundo a\u00f1o se llevar\u00e1 la iniciativa a toda la comunidad.<\/p>\n<p>Julio Valetutto resalt\u00f3, en tanto, la importancia de la participaci\u00f3n de la comunidad. \u201cA veces pasa que cuando los sistemas no son trazables, ni virtuosos tanto en lo social como en lo econ\u00f3mico o laboral, hay partes que faltan y <strong>queda el estado trabajando s\u00f3lo con un proyecto que no est\u00e1 tan validado<\/strong>\u201d sostuvo. A su vez, consider\u00f3 que este tipo de propuestas \u201cgenera empleo, e inversiones de privados y del estado\u201d.<\/p>\n<blockquote><p>\u201cLo que tiene que quedar claro es que desde el estado, nuestro objetivo es el bienestar de las personas. La fundaci\u00f3n es sin fines de lucro. Entonces la modelizacion del sistema que vamos a llevar adelante es a favor de toda la ciudad. No hay una torta que se vaya a quedar una parte alguien. Es justamente un modelo que incluye personas, que genera valor e inversi\u00f3n para Olavarr\u00eda. No hay algo que estamos repartiendo. Hay algo que estamos construyendo para generar valor agregado en la ciudad y que eso genere econom\u00eda\u201d resumi\u00f3 el secretario sobre la puesta en marcha del proyecto.<\/p><\/blockquote>\n<p>En el cierre, Larissa Sakamoto consider\u00f3 que \u201c<strong>la idea de la fundaci\u00f3n es que Olavarr\u00eda le ense\u00f1e a Argentina y al mundo que es posible crear ese sistema de reciclado inclusivo y econ\u00f3micamente sustentable<\/strong>. Y as\u00ed llevar este programa a otras ciudades de Argentina y tambi\u00e9n Am\u00e9rica\u201d.<\/p>\n","protected":false},"excerpt":{"rendered":"<p>El Municipio present\u00f3 el proyecto de Gesti\u00f3n Integral de Residuos S\u00f3lidos (Giro) que buscar\u00e1 implementar con la colaboraci\u00f3n de la<\/p>\n","protected":false},"author":4,"featured_media":2427,"comment_status":"closed","ping_status":"closed","sticky":false,"template":"","format":"standard","meta":{"_jetpack_memberships_contains_paid_content":false,"footnotes":""},"categories":[5,1],"tags":[],"class_list":["post-2443","post","type-post","status-publish","format-standard","has-post-thumbnail","hentry","category-informacion-general","category-portada"],"jetpack_featured_media_url":"https:\/\/i0.wp.com\/cdnoticias.com\/wp-content\/uploads\/2020\/09\/reciclado-conferencia.jpg?fit=782%2C561&ssl=1","jetpack_sharing_enabled":true,"_links":{"self":[{"href":"https:\/\/cdnoticias.com\/index.php\/wp-json\/wp\/v2\/posts\/2443","targetHints":{"allow":["GET"]}}],"collection":[{"href":"https:\/\/cdnoticias.com\/index.php\/wp-json\/wp\/v2\/posts"}],"about":[{"href":"https:\/\/cdnoticias.com\/index.php\/wp-json\/wp\/v2\/types\/post"}],"author":[{"embeddable":true,"href":"https:\/\/cdnoticias.com\/index.php\/wp-json\/wp\/v2\/users\/4"}],"replies":[{"embeddable":true,"href":"https:\/\/cdnoticias.com\/index.php\/wp-json\/wp\/v2\/comments?post=2443"}],"version-history":[{"count":0,"href":"https:\/\/cdnoticias.com\/index.php\/wp-json\/wp\/v2\/posts\/2443\/revisions"}],"wp:featuredmedia":[{"embeddable":true,"href":"https:\/\/cdnoticias.com\/index.php\/wp-json\/wp\/v2\/media\/2427"}],"wp:attachment":[{"href":"https:\/\/cdnoticias.com\/index.php\/wp-json\/wp\/v2\/media?parent=2443"}],"wp:term":[{"taxonomy":"category","embeddable":true,"href":"https:\/\/cdnoticias.com\/index.php\/wp-json\/wp\/v2\/categories?post=2443"},{"taxonomy":"post_tag","embeddable":true,"href":"https:\/\/cdnoticias.com\/index.php\/wp-json\/wp\/v2\/tags?post=2443"}],"curies":[{"name":"wp","href":"https:\/\/api.w.org\/{rel}","templated":true}]}}