{"id":24410,"date":"2021-06-19T10:14:12","date_gmt":"2021-06-19T13:14:12","guid":{"rendered":"http:\/\/www.centraldenoticias.com.ar\/?p=24410"},"modified":"2021-06-19T13:17:39","modified_gmt":"2021-06-19T16:17:39","slug":"prolongan-la-advertencia-violeta-por-bajas-temperaturas-durante-el-fin-de-semana","status":"publish","type":"post","link":"https:\/\/cdnoticias.com\/index.php\/2021\/06\/19\/prolongan-la-advertencia-violeta-por-bajas-temperaturas-durante-el-fin-de-semana\/","title":{"rendered":"Prolongaron la \u201cadvertencia violeta\u201d por bajas temperaturas durante el fin de semana"},"content":{"rendered":"<p>Desde el Servicio Meteorol\u00f3gico Nacional se detall\u00f3 que fuertes fr\u00edos seguir\u00e1n, como m\u00ednimo, hasta la tarde del domingo. <strong>Este s\u00e1bado la m\u00ednima fue de 1.7 grados.<\/strong><!--more--><\/p>\n<hr \/>\n<p>Si bien todav\u00eda restan algunas horas para su arribo oficial, el invierno ya est\u00e1 entre nosotros y as\u00ed se ha sentido en los \u00faltimos d\u00edas. Lamentablemente, <strong>desde el Servicio Meteorol\u00f3gico Nacional se prolong\u00f3 la ya emitida \u201cadvertencia violeta\u201d y se anticip\u00f3 que las bajas temperaturas seguir\u00e1n, al menos, hasta la tarde del domingo<\/strong>.<\/p>\n<p>&nbsp;<\/p>\n<p>Este s\u00e1bado arranc\u00f3 con registros de esa \u00edndole, al punto que<strong> la m\u00ednima detectada desde la Estaci\u00f3n Meteorol\u00f3gica local fue de 1.7 grados sobre cero a las 8.20 de la ma\u00f1ana<\/strong>. El dato a tener en cuenta es que la m\u00e1xima prevista para el resto de la jornada estar\u00e1 apenas en los 9 grados.<\/p>\n<p>&nbsp;<\/p>\n<p><img data-recalc-dims=\"1\" loading=\"lazy\" decoding=\"async\" class=\"alignnone size-full wp-image-24411\" src=\"https:\/\/i0.wp.com\/cdnoticias.com\/wp-content\/uploads\/2021\/06\/mapa-clima.jpg?resize=800%2C445&#038;ssl=1\" alt=\"\" width=\"800\" height=\"445\" srcset=\"https:\/\/i0.wp.com\/cdnoticias.com\/wp-content\/uploads\/2021\/06\/mapa-clima.jpg?w=800&amp;ssl=1 800w, https:\/\/i0.wp.com\/cdnoticias.com\/wp-content\/uploads\/2021\/06\/mapa-clima.jpg?resize=300%2C167&amp;ssl=1 300w, https:\/\/i0.wp.com\/cdnoticias.com\/wp-content\/uploads\/2021\/06\/mapa-clima.jpg?resize=768%2C427&amp;ssl=1 768w\" sizes=\"auto, (max-width: 800px) 100vw, 800px\" \/><\/p>\n<p>&nbsp;<\/p>\n<p>La denominada \u201cadvertencia violeta\u201d da cuenta que \u201c<strong>el \u00e1rea continuar\u00e1 afectada por bajas temperaturas, por debajo de valores normales, al menos hasta el domingo 20. Se espera que las temperaturas m\u00ednimas est\u00e9n entre -4 \u00b0C y 5 \u00b0C, mientras que las temperaturas m\u00e1ximas oscilar\u00e1n entre 8 \u00b0C y 13 \u00b0C\u201d<\/strong>.<\/p>\n<p>&nbsp;<\/p>\n<p><strong>En lo que refiere al domingo, la m\u00ednima pronosticada estar\u00e1 en 1 grado, registro que se dar\u00eda durante la ma\u00f1ana<\/strong>, mientras que durante la madrugada se prev\u00e9 valores en orden a los 3 grados. La m\u00e1xima trepar\u00e1\u00a0 apenas a los 12 grados.<\/p>\n","protected":false},"excerpt":{"rendered":"<p>Desde el Servicio Meteorol\u00f3gico Nacional se detall\u00f3 que fuertes fr\u00edos seguir\u00e1n, como m\u00ednimo, hasta la tarde del domingo. Este s\u00e1bado<\/p>\n","protected":false},"author":3,"featured_media":24412,"comment_status":"closed","ping_status":"closed","sticky":false,"template":"","format":"standard","meta":{"_jetpack_memberships_contains_paid_content":false,"footnotes":""},"categories":[5,1],"tags":[],"class_list":["post-24410","post","type-post","status-publish","format-standard","has-post-thumbnail","hentry","category-informacion-general","category-portada"],"jetpack_featured_media_url":"https:\/\/i0.wp.com\/cdnoticias.com\/wp-content\/uploads\/2021\/06\/clima-1.jpg?fit=800%2C445&ssl=1","jetpack_sharing_enabled":true,"_links":{"self":[{"href":"https:\/\/cdnoticias.com\/index.php\/wp-json\/wp\/v2\/posts\/24410","targetHints":{"allow":["GET"]}}],"collection":[{"href":"https:\/\/cdnoticias.com\/index.php\/wp-json\/wp\/v2\/posts"}],"about":[{"href":"https:\/\/cdnoticias.com\/index.php\/wp-json\/wp\/v2\/types\/post"}],"author":[{"embeddable":true,"href":"https:\/\/cdnoticias.com\/index.php\/wp-json\/wp\/v2\/users\/3"}],"replies":[{"embeddable":true,"href":"https:\/\/cdnoticias.com\/index.php\/wp-json\/wp\/v2\/comments?post=24410"}],"version-history":[{"count":0,"href":"https:\/\/cdnoticias.com\/index.php\/wp-json\/wp\/v2\/posts\/24410\/revisions"}],"wp:featuredmedia":[{"embeddable":true,"href":"https:\/\/cdnoticias.com\/index.php\/wp-json\/wp\/v2\/media\/24412"}],"wp:attachment":[{"href":"https:\/\/cdnoticias.com\/index.php\/wp-json\/wp\/v2\/media?parent=24410"}],"wp:term":[{"taxonomy":"category","embeddable":true,"href":"https:\/\/cdnoticias.com\/index.php\/wp-json\/wp\/v2\/categories?post=24410"},{"taxonomy":"post_tag","embeddable":true,"href":"https:\/\/cdnoticias.com\/index.php\/wp-json\/wp\/v2\/tags?post=24410"}],"curies":[{"name":"wp","href":"https:\/\/api.w.org\/{rel}","templated":true}]}}